{"id":18839,"date":"2021-02-21T10:45:00","date_gmt":"2021-02-21T15:45:00","guid":{"rendered":"https:\/\/www.aclu-md.org\/news\/mi-identidad-negra-y-latina-es-hermosa\/"},"modified":"2021-02-21T10:45:00","modified_gmt":"2021-02-21T15:45:00","slug":"mi-identidad-negra-y-latina-es-hermosa","status":"publish","type":"post","link":"https:\/\/www.aclu-md.org\/es\/news\/mi-identidad-negra-y-latina-es-hermosa\/","title":{"rendered":"MI IDENTIDAD NEGRA Y LATINA ES HERMOSA"},"content":{"rendered":"<p><em>A menudo, durante los meses en que celebramos el patrimonio cultural, tratamos de mostrarles a los activistas y sus experiencias e identidades que los convirtieron en los activistas que son hoy en d\u00eda. Kristen es una de esas activistas fenomenales que hace un trabajo incre\u00edble para imaginar de nuevo la vigilancia policial y destruir las estructuras racistas. Leer\u00e1 sobre su identidad negra y latina, lo que defiende y c\u00f3mo se convirti\u00f3 en la persona que es hoy.<\/em><\/p>\n<hr>\n<p><img loading=\"lazy\" decoding=\"async\" class=\" size-full wp-image-15665\" src=\"https:\/\/www.aclu-md.org\/app\/uploads\/2021\/02\/kristenlundy_blog_1_nologo_esp_1538x768.png\" alt=\"\u201cCuando pedimos quitarle fondos a la polic\u00eda, no estamos destruyendo la seguridad p\u00fablica. M\u00e1s bien, estamos pidiendo imaginar de nuevo c\u00f3mo podr\u00eda ser la seguridad p\u00fablica.\u201d\" width=\"1538\" height=\"768\" srcset=\"https:\/\/www.aclu-md.org\/app\/uploads\/2021\/02\/kristenlundy_blog_1_nologo_esp_1538x768.png 1538w, https:\/\/www.aclu-md.org\/app\/uploads\/2021\/02\/kristenlundy_blog_1_nologo_esp_1538x768-768x384.png 768w, https:\/\/www.aclu-md.org\/app\/uploads\/2021\/02\/kristenlundy_blog_1_nologo_esp_1538x768-1536x767.png 1536w, https:\/\/www.aclu-md.org\/app\/uploads\/2021\/02\/kristenlundy_blog_1_nologo_esp_1538x768-400x200.png 400w, https:\/\/www.aclu-md.org\/app\/uploads\/2021\/02\/kristenlundy_blog_1_nologo_esp_1538x768-600x300.png 600w, https:\/\/www.aclu-md.org\/app\/uploads\/2021\/02\/kristenlundy_blog_1_nologo_esp_1538x768-800x399.png 800w, https:\/\/www.aclu-md.org\/app\/uploads\/2021\/02\/kristenlundy_blog_1_nologo_esp_1538x768-1000x499.png 1000w, https:\/\/www.aclu-md.org\/app\/uploads\/2021\/02\/kristenlundy_blog_1_nologo_esp_1538x768-1200x599.png 1200w, https:\/\/www.aclu-md.org\/app\/uploads\/2021\/02\/kristenlundy_blog_1_nologo_esp_1538x768-1400x699.png 1400w\" sizes=\"auto, (max-width: 1538px) 100vw, 1538px\" \/><\/p>\n<p><em>Por Kristen Lundy, fundadora y presidenta de <a href=\"https:\/\/www.facebook.com\/Frederickunited21702\/\" target=\"_blank\">Frederick United<\/a><\/em><\/p>\n<p>En 1er grado, ten\u00eda un amigo con el que disfrutaba pasar tiempo. Recuerdo una vez cuando me dijo que solo pod\u00eda llamarme cuando estaba en la casa de uno de sus padres porque al otro padre no le gustaban las personas negras. Sab\u00eda que era m\u00e1s oscuro que algunas personas, pero estaba en shock de que otra persona pudiera estar en desacuerdo con eso. Fue uno de los primeros momentos en que experiment\u00e9 un racismo flagrante.<\/p>\n<p>Al crecer, tambi\u00e9n reconoc\u00ed el colorismo en las diferentes formas en que la gente actuaba alrededor de mis padres. Mi madre era m\u00e1s oscura que mi padre y cada vez que estaba con mi madre, nos deten\u00edan y nos interrogaban mucho m\u00e1s que cuando estaba con mi padre. Estas experiencias afectaron la forma en que vi el mundo y las formas en que actu\u00e9 para destruir la supremac\u00eda blanca. Pero estoy tan feliz de decir que estas experiencias no cambiaron mi amor por mi piel y mi cultura. Y este amor tambi\u00e9n inclu\u00eda amor por mi cabello natural.<\/p>\n<p>Mi cabello es parte de mi cultura, parte de mi identidad. Pero cuando era m\u00e1s joven, mi madre no estaba muy segura de c\u00f3mo peinar ni cuidar mi cabello natural, as\u00ed que le rogu\u00e9 que le pusiera relajantes para el cabello. Los alisadores para el cabello alisan el cabello rizado. Este proceso hace que el cabello sea d\u00e9bil y quebradizo. Este proceso puede incluso da\u00f1ar el cuero cabelludo y conducir a la p\u00e9rdida permanente del cabello. Este tipo de producto qu\u00edmico tambi\u00e9n puede derretir una lata de aluminio. Dese\u00e9 que hubi\u00e9ramos elegido en su lugar aprender a cuidar mi cabello natural, pero no lo hicimos. Se usaron relajantes para el cabello en mi cabello.<\/p>\n<p>Pero una vez que mi madre tuvo un accidente de pelo, decid\u00ed solidarizarme con ella y ya no usar relajantes en mi cabello. Hice una transici\u00f3n lenta antes de hacer mi gran corte de pelo y he sido natural desde entonces. Nunca volver\u00e9 a usar un relajante en mi cabello y apoyo completamente mi cabello natural.<\/p>\n<p>Cuando descubr\u00ed que tambi\u00e9n era latina, descubr\u00ed otro aspecto de mi compleja identidad. Este descubrimiento no era una historia tradicional para m\u00ed. No crec\u00ed con eso. Crec\u00ed con la cultura negra y crec\u00ed en una familia negra.<\/p>\n<p>Pero a trav\u00e9s de hablar con algunos miembros de la familia y hacer mi propia investigaci\u00f3n, aprend\u00ed sobre este aspecto de mi identidad que nunca supe. Fue un proceso hermoso. Aprend\u00ed que mi familia representa muchas ra\u00edces, desde ind\u00edgenas hasta africanas.<\/p>\n<p>La historia de Am\u00e9rica Latina muestra que solo alrededor del 10 por ciento de las personas negras que cruzaron el Oc\u00e9ano Atl\u00e1ntico en el comercio de esclavos del Atl\u00e1ntico fueron a Am\u00e9rica del Norte. Los blancos secuestraron y se llevaron a m\u00e1s del <a href=\"https:\/\/ehne.fr\/en\/encyclopedia\/themes\/europe-europeans-and-world\/europe-and-atlantic-slave-trade\/atlantic-slave-trade\" target=\"_blank\">90 por ciento<\/a> de las personas negras de \u00c1frica al Caribe y Am\u00e9rica del Sur. No podemos separar la identidad negra de Am\u00e9rica Latina. Est\u00e1n entrelazados. Afro-Latinidad es parte de mi identidad. Aprendo m\u00e1s sobre eso cada d\u00eda. Y me encanta mi identidad. Soy completamente negra y completamente latina.<\/p>\n<p>Lo que quiero decir es que no hay ninguna experiencia \u00fanica para todas las personas afro latinx. No hay ning\u00fan aspecto t\u00edpico. No todos nos parecemos a J. Lo, Mario L\u00f3pez o Camilla Cabello. Somos diferentes. Nuestra identidad representa cada raza, una multitud de pa\u00edses, muchos idiomas, diferentes alimentos, una variedad de danzas e incluso culturas distintas. Y eso es lo hermoso de ser afro-latina para m\u00ed.<\/p>\n<p>Debido a mis experiencias e identidad, empodero a mi comunidad y hago un mejor futuro para los residentes de Frederick, el condado en el que vivo. Soy miembro de <a href=\"http:\/\/www.facebook.com\/Frederickunited21702\" target=\"_blank\">Frederick United<\/a>, una organizaci\u00f3n que actualmente est\u00e1 en proceso de convertirse en una organizaci\u00f3n oficial 501(c)(3) sin fines de lucro. Su objetivo es unir a Frederick y promover el cambio en las comunidades negras y morenas.<\/p>\n<p>Como activista y sanadora en mi comunidad, trabajo con personas en el campo de la salud conductual y tambi\u00e9n organizo marchas y protestas de Black Lives Matter. Veo el esp\u00edritu del movimiento BLM en cada canto, sonrisa, se\u00f1al y orador durante estas protestas. Una protesta de Black Lives Matter que recuerdo fue una en junio del a\u00f1o pasado.<\/p>\n<p>El 20 de junio de 2020, organic\u00e9 una protesta que se llama \"Digan sus Nombres\" en honor a las personas negras que fueron asesinados por la polic\u00eda. Gina Best, una oradora destacada en el evento, dijo: \"Nunca me curar\u00e9 de esto\", hablando espec\u00edficamente sobre el asesinato policial de su hija, India Kager. Ella dirigi\u00f3 el canto, \"Di su nombre. Los letreros dec\u00edan: \"Retirar fondos a la polic\u00eda\" y \"Abolir el ICE\". La manifestaci\u00f3n fue una protesta por la unidad y una declaraci\u00f3n en la que pedimos el fin de la violencia policial en Frederick.<\/p>\n<p><img loading=\"lazy\" decoding=\"async\" class=\" size-full wp-image-15667\" src=\"https:\/\/www.aclu-md.org\/app\/uploads\/2021\/02\/kristenlundy_blog_2_nologo_esp_1538x768.png\" alt=\"\u201cLo que realmente quiero es construir comunidades negras que las personas blancas, el gobierno y la polic\u00eda han derribado repetidamente. Con suerte, quitando fondos de la polic\u00eda y devolvi\u00e9ndolos a la comunidad, este podr\u00eda ser el comienzo a reparar el su\" width=\"1538\" height=\"768\" srcset=\"https:\/\/www.aclu-md.org\/app\/uploads\/2021\/02\/kristenlundy_blog_2_nologo_esp_1538x768.png 1538w, https:\/\/www.aclu-md.org\/app\/uploads\/2021\/02\/kristenlundy_blog_2_nologo_esp_1538x768-768x384.png 768w, https:\/\/www.aclu-md.org\/app\/uploads\/2021\/02\/kristenlundy_blog_2_nologo_esp_1538x768-1536x767.png 1536w, https:\/\/www.aclu-md.org\/app\/uploads\/2021\/02\/kristenlundy_blog_2_nologo_esp_1538x768-400x200.png 400w, https:\/\/www.aclu-md.org\/app\/uploads\/2021\/02\/kristenlundy_blog_2_nologo_esp_1538x768-600x300.png 600w, https:\/\/www.aclu-md.org\/app\/uploads\/2021\/02\/kristenlundy_blog_2_nologo_esp_1538x768-800x399.png 800w, https:\/\/www.aclu-md.org\/app\/uploads\/2021\/02\/kristenlundy_blog_2_nologo_esp_1538x768-1000x499.png 1000w, https:\/\/www.aclu-md.org\/app\/uploads\/2021\/02\/kristenlundy_blog_2_nologo_esp_1538x768-1200x599.png 1200w, https:\/\/www.aclu-md.org\/app\/uploads\/2021\/02\/kristenlundy_blog_2_nologo_esp_1538x768-1400x699.png 1400w\" sizes=\"auto, (max-width: 1538px) 100vw, 1538px\" \/><\/p>\n<p>Tuvimos una discusi\u00f3n sobre los negocios negros y latinos, la salud mental en comunidades negras y latinas y los temas de LGTBQ+, especialmente los de mujeres trans y negras. Tambi\u00e9n recordamos a Terrance Ivor Watts y Jarrel Gray. En 2018, Terrance Ivor Watts muri\u00f3 misteriosamente bajo la custodia del Departamento de Polic\u00eda de Frederick City. Sin embargo, su muerte fue declarada homicidio. En 2007, el ayudante Rudy Torres del Departamento del Sheriff del Condado de Frederick mat\u00f3 a Jarrel Gray dispar\u00e1ndole dos tasers. Sus nombres nunca ser\u00e1n olvidados.<\/p>\n<p>Si bien mis antepasados estar\u00edan orgullosos de nosotros y del movimiento Las Vidas Negras Importan, s\u00e9 que estar\u00edan desconsolados porque todav\u00eda estamos protestando por las mismas cosas. Hist\u00f3ricamente, la polic\u00eda en este pa\u00eds ha abusado y matado a las personas negras. En algunos casos, las primeras unidades de la polic\u00eda local se construyeron expl\u00edcitamente para enfocarse en este prop\u00f3sito, para controlar a las personas negras que fueron esclavizados o liberados recientemente.<\/p>\n<p>En el condado de Frederick, las personas negras representan menos del 6 por ciento de la poblaci\u00f3n bajo la jurisdicci\u00f3n de la Oficina del Sheriff del Condado de Frederick, pero en 2018 las personas negras representaron alrededor del 27 por ciento de los arrestos de adultos y el 40 por ciento de los arrestos de ni\u00f1os.<sup>1<\/sup> Esa disparidad racial es extrema y no puede continuar.<\/p>\n<p>Cuando pedimos quitarle fondos a la polic\u00eda, no estamos destruyendo la seguridad p\u00fablica. M\u00e1s bien, estamos pidiendo imaginar de nuevo c\u00f3mo podr\u00eda ser la seguridad p\u00fablica. \u00bfPodemos hacer una comunidad donde una fuerza policial no aterrorice a la gente negra y latina? \u00bfPodemos desviar algunos fondos de los departamentos de polic\u00eda que discriminan racialmente y alimentan la encarcelaci\u00f3n en masa de las personas negras?<\/p>\n<p>\u00bfC\u00f3mo ser\u00eda la sociedad si algunos de los deberes de la polic\u00eda fueran asignados a un equipo de respuesta de emergencia, compuesto por expertos en salud mental, especialistas en adicciones, consejeros y especialistas capacitados en desescalar? \u00bfC\u00f3mo ser\u00eda la sociedad si dej\u00e1ramos de castigar y encarcelar a la gente por cr\u00edmenes de pobreza y en su lugar us\u00e1ramos esos fondos p\u00fablicos para construir m\u00e1s bancos de alimentos, refugios y lugares de bajo costo\/gratuitos para arreglar las luces traseras y otros problemas con los autom\u00f3viles?<\/p>\n<p>\u00bfC\u00f3mo ser\u00eda nuestra sociedad si trat\u00e1ramos la adicci\u00f3n como una enfermedad mental en lugar de un crimen? \u00bfPodr\u00edamos tener una sociedad que comprenda mejor el comportamiento impulsivo e imprudente de los ni\u00f1os? Sus cerebros a\u00fan no est\u00e1n completamente desarrollados. Reemplacemos a los oficiales de polic\u00eda de la escuela con consejeros de conducta. Los ni\u00f1os tambi\u00e9n necesitan una educaci\u00f3n comprometida y adecuadamente financiada.<\/p>\n<p>\u00bfQu\u00e9 parecer\u00eda si la polic\u00eda dejara de trabajar con ICE, dejara de atacar y discriminar racialmente a los inmigrantes de color? \u00bfY si en su lugar creamos una sociedad que apoyara a nuestros residentes indocumentados que solo quieren vivir pac\u00edficamente y trabajar con la comunidad?<\/p>\n<p>Para las sobrevivientes de violencia dom\u00e9stica, \u00bfpodr\u00edamos construir y financiar casas de seguridad para protegerlas de sus abusadores y proporcionar una salida que algunas necesitan desesperadamente?<\/p>\n<p>Quitarle fondos a la polic\u00eda no se trata de quitarle fondos a la seguridad p\u00fablica. El presupuesto del Sheriff y la Polic\u00eda Municipal es de 8 81 millones. Estamos quitando algunos fondos de los departamentos de polic\u00eda, a los que se les da una gran proporci\u00f3n de dinero p\u00fablico y reasignando nuestros d\u00f3lares para apoyar formas reales y probadas de mejorar la seguridad p\u00fablica para todos.<\/p>\n<p>Los funcionarios electos locales del condado de Frederick necesitan quitarle fondos a la polic\u00eda para frenar demasiada vigilancia y discriminaci\u00f3n racial en mi comunidad. Quiero un Frederick donde pueda conducir mi auto sin que la polic\u00eda me detenga y me discrimine racialmente. Debemos luchar por un futuro en el que las personas negras puedan vivir sus vidas en paz sin temor a que la polic\u00eda los acose, abuse, dispare o mate.<\/p>\n<p>Quiero que se le quiten los d\u00f3lares p\u00fablicos a una instituci\u00f3n que promueve la supremac\u00eda blanca para que se los devuelvan al pueblo, especialmente a las comunidades m\u00e1s afectadas por las acciones de la polic\u00eda.<\/p>\n<p>Lo que realmente quiero es construir comunidades negras que las personas blancas, el gobierno y la polic\u00eda <a href=\"https:\/\/www.esquire.com\/news-politics\/a32719786\/george-floyd-protests-riots-black-comminity-destruction-history\/\" target=\"_blank\">han derribado<\/a> repetidamente. Con suerte, quitando fondos de la polic\u00eda y devolvi\u00e9ndolos a la comunidad, este podr\u00eda ser el comienzo a reparar el sufrimiento de siglos que este pa\u00eds nos ha causado.<\/p>\n<p><img loading=\"lazy\" decoding=\"async\" class=\" size-full wp-image-15669\" src=\"https:\/\/www.aclu-md.org\/app\/uploads\/2021\/02\/kristenlundy_blog_3_nologo_esp_1538x768.png\" alt=\"\u201cS\u00e9 que mi comunidad es resistente y est\u00e1 llena de belleza. Mi cabello natural es m\u00e1gico. Mi tez oscura es una bendici\u00f3n. Mi cultura es divina. Acepto y amo cada aspecto de m\u00ed mismo. Tener una identidad negra y latina es hermosa.\u201d\" width=\"1538\" height=\"768\" srcset=\"https:\/\/www.aclu-md.org\/app\/uploads\/2021\/02\/kristenlundy_blog_3_nologo_esp_1538x768.png 1538w, https:\/\/www.aclu-md.org\/app\/uploads\/2021\/02\/kristenlundy_blog_3_nologo_esp_1538x768-768x384.png 768w, https:\/\/www.aclu-md.org\/app\/uploads\/2021\/02\/kristenlundy_blog_3_nologo_esp_1538x768-1536x767.png 1536w, https:\/\/www.aclu-md.org\/app\/uploads\/2021\/02\/kristenlundy_blog_3_nologo_esp_1538x768-400x200.png 400w, https:\/\/www.aclu-md.org\/app\/uploads\/2021\/02\/kristenlundy_blog_3_nologo_esp_1538x768-600x300.png 600w, https:\/\/www.aclu-md.org\/app\/uploads\/2021\/02\/kristenlundy_blog_3_nologo_esp_1538x768-800x399.png 800w, https:\/\/www.aclu-md.org\/app\/uploads\/2021\/02\/kristenlundy_blog_3_nologo_esp_1538x768-1000x499.png 1000w, https:\/\/www.aclu-md.org\/app\/uploads\/2021\/02\/kristenlundy_blog_3_nologo_esp_1538x768-1200x599.png 1200w, https:\/\/www.aclu-md.org\/app\/uploads\/2021\/02\/kristenlundy_blog_3_nologo_esp_1538x768-1400x699.png 1400w\" sizes=\"auto, (max-width: 1538px) 100vw, 1538px\" \/><\/p>\n<p>A pesar de que este conocimiento y los siglos de opresi\u00f3n est\u00e1n llenos de desesperaci\u00f3n y depresi\u00f3n, s\u00e9 que mi comunidad es resistente y est\u00e1 llena de belleza. Mi cabello natural es m\u00e1gico. Mi tez oscura es una bendici\u00f3n. Mi cultura es divina. Acepto y amo cada aspecto de m\u00ed mismo. Tener una identidad negra y latina es hermosa.<\/p>\n<p><strong>Mi comunidad y yo continuaremos abogando para salvar vidas negras porque nuestras vidas importan.<\/strong><\/p>\n<hr>\n<p><em>Si desea aprender c\u00f3mo puede dar los primeros pasos para imaginar de nuevo la polic\u00eda, lea nuestra carta <a href=\"https:\/\/drive.google.com\/file\/d\/1jsWz8x5HhmEa1ozqWTrwwWbJBOpjVB8J\/view\" target=\"_blank\">aqu\u00ed<\/a> a los legisladores que exige cambios a nuestro sistema policial y firme <a href=\"https:\/\/action.aclu.org\/petition\/policereforminmaryland?ms_aff=MD&amp;initms_aff=MD&amp;ms=200707_MDPoliceReformPetition_&amp;initms=200707_MDPoliceReformPetition_&amp;ms_chan=web&amp;initms_chan=web\" target=\"_blank\">aqu\u00ed<\/a> para pedir tambi\u00e9n a los legisladores que tengan un mayor impacto en Maryland.<\/em><\/p>\n<hr>\n<p><sup>1<\/sup>Frederick County Sheriff's Office internal 2018 Administrative Review, and then highlighted in a 2019 report by Karl Bickel and Eileen Benecke<\/p>\n","protected":false},"excerpt":{"rendered":"<p>A menudo, durante los meses en que celebramos el patrimonio cultural, tratamos de mostrarles a los activistas y sus experiencias e identidades que los convirtieron en los activistas que son hoy en d\u00eda. Kristen es una de esas activistas fenomenales que hace un trabajo incre\u00edble para imaginar de nuevo la vigilancia policial y destruir las [&hellip;]<\/p>\n","protected":false},"author":6,"featured_media":0,"comment_status":"open","ping_status":"open","sticky":false,"template":"","format":"standard","meta":{"_acf_changed":false,"_relevanssi_hide_post":"","_relevanssi_hide_content":"","_relevanssi_pin_for_all":"","_relevanssi_pin_keywords":"","_relevanssi_unpin_keywords":"","_relevanssi_related_keywords":"","_relevanssi_related_include_ids":"","_relevanssi_related_exclude_ids":"","_relevanssi_related_no_append":"","_relevanssi_related_not_related":"","_relevanssi_related_posts":"","_relevanssi_noindex_reason":"","footnotes":""},"categories":[1],"tags":[],"class_list":["post-18839","post","type-post","status-publish","format-standard","hentry","category-uncategorized"],"acf":{"header_layout":"full-bleed","header_image":15664,"mobile_header_image":15664,"description":"A menudo, durante los meses en que celebramos el patrimonio cultural, tratamos de mostrarles a los activistas y sus experiencias e identidades que los convirtieron en los activistas que son hoy en d\u00eda. Kristen es una de esas activistas fenomenales que hace un trabajo incre\u00edble para imaginar de nuevo la vigilancia policial y destruir las estructuras racistas. Leer\u00e1 sobre su identidad negra y latina, lo que defiende y c\u00f3mo se convirti\u00f3 en la persona que es hoy.","authors":null,"components":[{"acf_fc_layout":"text","text":{"text":"<em>A menudo, durante los meses en que celebramos el patrimonio cultural, tratamos de mostrarles a los activistas y sus experiencias e identidades que los convirtieron en los activistas que son hoy en d\u00eda. Kristen es una de esas activistas fenomenales que hace un trabajo incre\u00edble para imaginar de nuevo la vigilancia policial y destruir las estructuras racistas. Leer\u00e1 sobre su identidad negra y latina, lo que defiende y c\u00f3mo se convirti\u00f3 en la persona que es hoy.<\/em>"}},{"acf_fc_layout":"divider","divider":{"divider_type":"hr"}},{"acf_fc_layout":"single-image","single-image":{"":null,"image-group":{"image":15666,"":null,"caption":"","credit":"","link-settings":"none","url":""},"width":"standard","alignment":"left"}},{"acf_fc_layout":"text","text":{"text":"<em>Por Kristen Lundy, fundadora y presidenta de <a href=\"https:\/\/www.facebook.com\/Frederickunited21702\/\" target=\"_blank\">Frederick United<\/a><\/em>\n\nEn 1er grado, ten\u00eda un amigo con el que disfrutaba pasar tiempo. Recuerdo una vez cuando me dijo que solo pod\u00eda llamarme cuando estaba en la casa de uno de sus padres porque al otro padre no le gustaban las personas negras. Sab\u00eda que era m\u00e1s oscuro que algunas personas, pero estaba en shock de que otra persona pudiera estar en desacuerdo con eso. Fue uno de los primeros momentos en que experiment\u00e9 un racismo flagrante.\n\nAl crecer, tambi\u00e9n reconoc\u00ed el colorismo en las diferentes formas en que la gente actuaba alrededor de mis padres. Mi madre era m\u00e1s oscura que mi padre y cada vez que estaba con mi madre, nos deten\u00edan y nos interrogaban mucho m\u00e1s que cuando estaba con mi padre. Estas experiencias afectaron la forma en que vi el mundo y las formas en que actu\u00e9 para destruir la supremac\u00eda blanca. Pero estoy tan feliz de decir que estas experiencias no cambiaron mi amor por mi piel y mi cultura. Y este amor tambi\u00e9n inclu\u00eda amor por mi cabello natural.\n\nMi cabello es parte de mi cultura, parte de mi identidad. Pero cuando era m\u00e1s joven, mi madre no estaba muy segura de c\u00f3mo peinar ni cuidar mi cabello natural, as\u00ed que le rogu\u00e9 que le pusiera relajantes para el cabello. Los alisadores para el cabello alisan el cabello rizado. Este proceso hace que el cabello sea d\u00e9bil y quebradizo. Este proceso puede incluso da\u00f1ar el cuero cabelludo y conducir a la p\u00e9rdida permanente del cabello. Este tipo de producto qu\u00edmico tambi\u00e9n puede derretir una lata de aluminio. Dese\u00e9 que hubi\u00e9ramos elegido en su lugar aprender a cuidar mi cabello natural, pero no lo hicimos. Se usaron relajantes para el cabello en mi cabello.\n\nPero una vez que mi madre tuvo un accidente de pelo, decid\u00ed solidarizarme con ella y ya no usar relajantes en mi cabello. Hice una transici\u00f3n lenta antes de hacer mi gran corte de pelo y he sido natural desde entonces. Nunca volver\u00e9 a usar un relajante en mi cabello y apoyo completamente mi cabello natural.\n\nCuando descubr\u00ed que tambi\u00e9n era latina, descubr\u00ed otro aspecto de mi compleja identidad. Este descubrimiento no era una historia tradicional para m\u00ed. No crec\u00ed con eso. Crec\u00ed con la cultura negra y crec\u00ed en una familia negra.\n\nPero a trav\u00e9s de hablar con algunos miembros de la familia y hacer mi propia investigaci\u00f3n, aprend\u00ed sobre este aspecto de mi identidad que nunca supe. Fue un proceso hermoso. Aprend\u00ed que mi familia representa muchas ra\u00edces, desde ind\u00edgenas hasta africanas.\n\nLa historia de Am\u00e9rica Latina muestra que solo alrededor del 10 por ciento de las personas negras que cruzaron el Oc\u00e9ano Atl\u00e1ntico en el comercio de esclavos del Atl\u00e1ntico fueron a Am\u00e9rica del Norte. Los blancos secuestraron y se llevaron a m\u00e1s del <a href=\"https:\/\/ehne.fr\/en\/encyclopedia\/themes\/europe-europeans-and-world\/europe-and-atlantic-slave-trade\/atlantic-slave-trade\" target=\"_blank\">90 por ciento<\/a> de las personas negras de \u00c1frica al Caribe y Am\u00e9rica del Sur. No podemos separar la identidad negra de Am\u00e9rica Latina. Est\u00e1n entrelazados. Afro-Latinidad es parte de mi identidad. Aprendo m\u00e1s sobre eso cada d\u00eda. Y me encanta mi identidad. Soy completamente negra y completamente latina.\n\nLo que quiero decir es que no hay ninguna experiencia \u00fanica para todas las personas afro latinx. No hay ning\u00fan aspecto t\u00edpico. No todos nos parecemos a J. Lo, Mario L\u00f3pez o Camilla Cabello. Somos diferentes. Nuestra identidad representa cada raza, una multitud de pa\u00edses, muchos idiomas, diferentes alimentos, una variedad de danzas e incluso culturas distintas. Y eso es lo hermoso de ser afro-latina para m\u00ed.\n\nDebido a mis experiencias e identidad, empodero a mi comunidad y hago un mejor futuro para los residentes de Frederick, el condado en el que vivo. Soy miembro de <a href=\"http:\/\/www.facebook.com\/Frederickunited21702\" target=\"_blank\">Frederick United<\/a>, una organizaci\u00f3n que actualmente est\u00e1 en proceso de convertirse en una organizaci\u00f3n oficial 501(c)(3) sin fines de lucro. Su objetivo es unir a Frederick y promover el cambio en las comunidades negras y morenas.\n\nComo activista y sanadora en mi comunidad, trabajo con personas en el campo de la salud conductual y tambi\u00e9n organizo marchas y protestas de Black Lives Matter. Veo el esp\u00edritu del movimiento BLM en cada canto, sonrisa, se\u00f1al y orador durante estas protestas. Una protesta de Black Lives Matter que recuerdo fue una en junio del a\u00f1o pasado.\n\nEl 20 de junio de 2020, organic\u00e9 una protesta que se llama \"Digan sus Nombres\" en honor a las personas negras que fueron asesinados por la polic\u00eda. Gina Best, una oradora destacada en el evento, dijo: \"Nunca me curar\u00e9 de esto\", hablando espec\u00edficamente sobre el asesinato policial de su hija, India Kager. Ella dirigi\u00f3 el canto, \"Di su nombre. Los letreros dec\u00edan: \"Retirar fondos a la polic\u00eda\" y \"Abolir el ICE\". La manifestaci\u00f3n fue una protesta por la unidad y una declaraci\u00f3n en la que pedimos el fin de la violencia policial en Frederick."}},{"acf_fc_layout":"single-image","single-image":{"":null,"image-group":{"image":15668,"":null,"caption":"","credit":"","link-settings":"none","url":""},"width":"standard","alignment":"left"}},{"acf_fc_layout":"text","text":{"text":"Tuvimos una discusi\u00f3n sobre los negocios negros y latinos, la salud mental en comunidades negras y latinas y los temas de LGTBQ+, especialmente los de mujeres trans y negras. Tambi\u00e9n recordamos a Terrance Ivor Watts y Jarrel Gray. En 2018, Terrance Ivor Watts muri\u00f3 misteriosamente bajo la custodia del Departamento de Polic\u00eda de Frederick City. Sin embargo, su muerte fue declarada homicidio. En 2007, el ayudante Rudy Torres del Departamento del Sheriff del Condado de Frederick mat\u00f3 a Jarrel Gray dispar\u00e1ndole dos tasers. Sus nombres nunca ser\u00e1n olvidados.\n\nSi bien mis antepasados estar\u00edan orgullosos de nosotros y del movimiento Las Vidas Negras Importan, s\u00e9 que estar\u00edan desconsolados porque todav\u00eda estamos protestando por las mismas cosas. Hist\u00f3ricamente, la polic\u00eda en este pa\u00eds ha abusado y matado a las personas negras. En algunos casos, las primeras unidades de la polic\u00eda local se construyeron expl\u00edcitamente para enfocarse en este prop\u00f3sito, para controlar a las personas negras que fueron esclavizados o liberados recientemente.\n\nEn el condado de Frederick, las personas negras representan menos del 6 por ciento de la poblaci\u00f3n bajo la jurisdicci\u00f3n de la Oficina del Sheriff del Condado de Frederick, pero en 2018 las personas negras representaron alrededor del 27 por ciento de los arrestos de adultos y el 40 por ciento de los arrestos de ni\u00f1os.1 Esa disparidad racial es extrema y no puede continuar.\n\nCuando pedimos quitarle fondos a la polic\u00eda, no estamos destruyendo la seguridad p\u00fablica. M\u00e1s bien, estamos pidiendo imaginar de nuevo c\u00f3mo podr\u00eda ser la seguridad p\u00fablica. \u00bfPodemos hacer una comunidad donde una fuerza policial no aterrorice a la gente negra y latina? \u00bfPodemos desviar algunos fondos de los departamentos de polic\u00eda que discriminan racialmente y alimentan la encarcelaci\u00f3n en masa de las personas negras?\n\n\u00bfC\u00f3mo ser\u00eda la sociedad si algunos de los deberes de la polic\u00eda fueran asignados a un equipo de respuesta de emergencia, compuesto por expertos en salud mental, especialistas en adicciones, consejeros y especialistas capacitados en desescalar? \u00bfC\u00f3mo ser\u00eda la sociedad si dej\u00e1ramos de castigar y encarcelar a la gente por cr\u00edmenes de pobreza y en su lugar us\u00e1ramos esos fondos p\u00fablicos para construir m\u00e1s bancos de alimentos, refugios y lugares de bajo costo\/gratuitos para arreglar las luces traseras y otros problemas con los autom\u00f3viles?\n\n\u00bfC\u00f3mo ser\u00eda nuestra sociedad si trat\u00e1ramos la adicci\u00f3n como una enfermedad mental en lugar de un crimen? \u00bfPodr\u00edamos tener una sociedad que comprenda mejor el comportamiento impulsivo e imprudente de los ni\u00f1os? Sus cerebros a\u00fan no est\u00e1n completamente desarrollados. Reemplacemos a los oficiales de polic\u00eda de la escuela con consejeros de conducta. Los ni\u00f1os tambi\u00e9n necesitan una educaci\u00f3n comprometida y adecuadamente financiada.\n\n\u00bfQu\u00e9 parecer\u00eda si la polic\u00eda dejara de trabajar con ICE, dejara de atacar y discriminar racialmente a los inmigrantes de color? \u00bfY si en su lugar creamos una sociedad que apoyara a nuestros residentes indocumentados que solo quieren vivir pac\u00edficamente y trabajar con la comunidad?\n\nPara las sobrevivientes de violencia dom\u00e9stica, \u00bfpodr\u00edamos construir y financiar casas de seguridad para protegerlas de sus abusadores y proporcionar una salida que algunas necesitan desesperadamente?\n\nQuitarle fondos a la polic\u00eda no se trata de quitarle fondos a la seguridad p\u00fablica. El presupuesto del Sheriff y la Polic\u00eda Municipal es de 8 81 millones. Estamos quitando algunos fondos de los departamentos de polic\u00eda, a los que se les da una gran proporci\u00f3n de dinero p\u00fablico y reasignando nuestros d\u00f3lares para apoyar formas reales y probadas de mejorar la seguridad p\u00fablica para todos.\n\nLos funcionarios electos locales del condado de Frederick necesitan quitarle fondos a la polic\u00eda para frenar demasiada vigilancia y discriminaci\u00f3n racial en mi comunidad. Quiero un Frederick donde pueda conducir mi auto sin que la polic\u00eda me detenga y me discrimine racialmente. Debemos luchar por un futuro en el que las personas negras puedan vivir sus vidas en paz sin temor a que la polic\u00eda los acose, abuse, dispare o mate.\n\nQuiero que se le quiten los d\u00f3lares p\u00fablicos a una instituci\u00f3n que promueve la supremac\u00eda blanca para que se los devuelvan al pueblo, especialmente a las comunidades m\u00e1s afectadas por las acciones de la polic\u00eda.\n\nLo que realmente quiero es construir comunidades negras que las personas blancas, el gobierno y la polic\u00eda <a href=\"https:\/\/www.esquire.com\/news-politics\/a32719786\/george-floyd-protests-riots-black-comminity-destruction-history\/\" target=\"_blank\">han derribado<\/a> repetidamente. Con suerte, quitando fondos de la polic\u00eda y devolvi\u00e9ndolos a la comunidad, este podr\u00eda ser el comienzo a reparar el sufrimiento de siglos que este pa\u00eds nos ha causado."}},{"acf_fc_layout":"single-image","single-image":{"":null,"image-group":{"image":15670,"":null,"caption":"","credit":"","link-settings":"none","url":""},"width":"standard","alignment":"left"}},{"acf_fc_layout":"text","text":{"text":"A pesar de que este conocimiento y los siglos de opresi\u00f3n est\u00e1n llenos de desesperaci\u00f3n y depresi\u00f3n, s\u00e9 que mi comunidad es resistente y est\u00e1 llena de belleza. Mi cabello natural es m\u00e1gico. Mi tez oscura es una bendici\u00f3n. Mi cultura es divina. Acepto y amo cada aspecto de m\u00ed mismo. Tener una identidad negra y latina es hermosa.\n\n<strong>Mi comunidad y yo continuaremos abogando para salvar vidas negras porque nuestras vidas importan.<\/strong>"}},{"acf_fc_layout":"divider","divider":{"divider_type":"hr"}},{"acf_fc_layout":"text","text":{"text":"<em>Si desea aprender c\u00f3mo puede dar los primeros pasos para imaginar de nuevo la polic\u00eda, lea nuestra carta <a href=\"https:\/\/drive.google.com\/file\/d\/1jsWz8x5HhmEa1ozqWTrwwWbJBOpjVB8J\/view\" target=\"_blank\">aqu\u00ed<\/a> a los legisladores que exige cambios a nuestro sistema policial y firme <a href=\"https:\/\/action.aclu.org\/petition\/policereforminmaryland?ms_aff=MD&amp;initms_aff=MD&amp;ms=200707_MDPoliceReformPetition_&amp;initms=200707_MDPoliceReformPetition_&amp;ms_chan=web&amp;initms_chan=web\" target=\"_blank\">aqu\u00ed<\/a> para pedir tambi\u00e9n a los legisladores que tengan un mayor impacto en Maryland.<\/em>"}},{"acf_fc_layout":"divider","divider":{"divider_type":"hr"}},{"acf_fc_layout":"text","text":{"text":"1Frederick County Sheriff's Office internal 2018 Administrative Review, and then highlighted in a 2019 report by Karl Bickel and Eileen Benecke"}}],"issues":[5433,5413,5418,5428,5497,5478],"related_content":[18919,18888,18887,18884,18885],"documents":null},"yoast_head":"<!-- This site is optimized with the Yoast SEO plugin v24.9 - https:\/\/yoast.com\/wordpress\/plugins\/seo\/ -->\n<title>MI IDENTIDAD NEGRA Y LATINA ES HERMOSA - ACLU of Maryland<\/title>\n<meta name=\"robots\" content=\"index, follow, max-snippet:-1, max-image-preview:large, max-video-preview:-1\" \/>\n<link rel=\"canonical\" href=\"https:\/\/www.aclu-md.org\/es\/news\/mi-identidad-negra-y-latina-es-hermosa\/\" \/>\n<meta property=\"og:locale\" content=\"es_ES\" \/>\n<meta property=\"og:type\" content=\"article\" \/>\n<meta property=\"og:title\" content=\"MI IDENTIDAD NEGRA Y LATINA ES HERMOSA - ACLU of Maryland\" \/>\n<meta property=\"og:description\" content=\"A menudo, durante los meses en que celebramos el patrimonio cultural, tratamos de mostrarles a los activistas y sus experiencias e identidades que los convirtieron en los activistas que son hoy en d\u00eda. Kristen es una de esas activistas fenomenales que hace un trabajo incre\u00edble para imaginar de nuevo la vigilancia policial y destruir las [&hellip;]\" \/>\n<meta property=\"og:url\" content=\"https:\/\/www.aclu-md.org\/es\/news\/mi-identidad-negra-y-latina-es-hermosa\/\" \/>\n<meta property=\"og:site_name\" content=\"ACLU of Maryland\" \/>\n<meta property=\"article:published_time\" content=\"2021-02-21T15:45:00+00:00\" \/>\n<meta property=\"og:image\" content=\"https:\/\/www.aclu-md.org\/app\/uploads\/2021\/02\/kristenlundy-1.jpg\" \/>\n\t<meta property=\"og:image:width\" content=\"479\" \/>\n\t<meta property=\"og:image:height\" content=\"479\" \/>\n\t<meta property=\"og:image:type\" content=\"image\/jpeg\" \/>\n<meta name=\"author\" content=\"nehemiahbester\" \/>\n<meta name=\"twitter:card\" content=\"summary_large_image\" \/>\n<script type=\"application\/ld+json\" class=\"yoast-schema-graph\">{\"@context\":\"https:\/\/schema.org\",\"@graph\":[{\"@type\":\"WebPage\",\"@id\":\"https:\/\/www.aclu-md.org\/es\/news\/mi-identidad-negra-y-latina-es-hermosa\/\",\"url\":\"https:\/\/www.aclu-md.org\/es\/news\/mi-identidad-negra-y-latina-es-hermosa\/\",\"name\":\"MI IDENTIDAD NEGRA Y LATINA ES HERMOSA - ACLU of Maryland\",\"isPartOf\":{\"@id\":\"https:\/\/www.aclu-md.org\/#website\"},\"primaryImageOfPage\":{\"@id\":\"https:\/\/www.aclu-md.org\/es\/news\/mi-identidad-negra-y-latina-es-hermosa\/#primaryimage\"},\"image\":{\"@id\":\"https:\/\/www.aclu-md.org\/es\/news\/mi-identidad-negra-y-latina-es-hermosa\/#primaryimage\"},\"thumbnailUrl\":\"https:\/\/www.aclu-md.org\/app\/uploads\/2021\/02\/kristenlundy_blog_1_nologo_esp_1538x768.png\",\"datePublished\":\"2021-02-21T15:45:00+00:00\",\"inLanguage\":\"es-ES\",\"potentialAction\":[{\"@type\":\"ReadAction\",\"target\":[\"https:\/\/www.aclu-md.org\/es\/news\/mi-identidad-negra-y-latina-es-hermosa\/\"]}]},{\"@type\":\"ImageObject\",\"inLanguage\":\"es-ES\",\"@id\":\"https:\/\/www.aclu-md.org\/es\/news\/mi-identidad-negra-y-latina-es-hermosa\/#primaryimage\",\"url\":\"https:\/\/www.aclu-md.org\/app\/uploads\/2021\/02\/kristenlundy_blog_1_nologo_esp_1538x768.png\",\"contentUrl\":\"https:\/\/www.aclu-md.org\/app\/uploads\/2021\/02\/kristenlundy_blog_1_nologo_esp_1538x768.png\"},{\"@type\":\"WebSite\",\"@id\":\"https:\/\/www.aclu-md.org\/#website\",\"url\":\"https:\/\/www.aclu-md.org\/\",\"name\":\"ACLU of Maryland\",\"description\":\"\",\"publisher\":{\"@id\":\"https:\/\/www.aclu-md.org\/#organization\"},\"potentialAction\":[{\"@type\":\"SearchAction\",\"target\":{\"@type\":\"EntryPoint\",\"urlTemplate\":\"https:\/\/www.aclu-md.org\/?s={search_term_string}\"},\"query-input\":{\"@type\":\"PropertyValueSpecification\",\"valueRequired\":true,\"valueName\":\"search_term_string\"}}],\"inLanguage\":\"es-ES\"},{\"@type\":\"Organization\",\"@id\":\"https:\/\/www.aclu-md.org\/#organization\",\"name\":\"ACLU of Maryland\",\"url\":\"https:\/\/www.aclu-md.org\/\",\"logo\":{\"@type\":\"ImageObject\",\"inLanguage\":\"es-ES\",\"@id\":\"https:\/\/www.aclu-md.org\/#\/schema\/logo\/image\/\",\"url\":\"https:\/\/www.aclu-md.org\/app\/uploads\/2025\/08\/ACLU-Maryland_Color-Logo_RGB.png\",\"contentUrl\":\"https:\/\/www.aclu-md.org\/app\/uploads\/2025\/08\/ACLU-Maryland_Color-Logo_RGB.png\",\"width\":1063,\"height\":620,\"caption\":\"ACLU of Maryland\"},\"image\":{\"@id\":\"https:\/\/www.aclu-md.org\/#\/schema\/logo\/image\/\"}}]}<\/script>\n<!-- \/ Yoast SEO plugin. -->","yoast_head_json":{"title":"MI IDENTIDAD NEGRA Y LATINA ES HERMOSA - ACLU of Maryland","robots":{"index":"index","follow":"follow","max-snippet":"max-snippet:-1","max-image-preview":"max-image-preview:large","max-video-preview":"max-video-preview:-1"},"canonical":"https:\/\/www.aclu-md.org\/es\/news\/mi-identidad-negra-y-latina-es-hermosa\/","og_locale":"es_ES","og_type":"article","og_title":"MI IDENTIDAD NEGRA Y LATINA ES HERMOSA - ACLU of Maryland","og_description":"A menudo, durante los meses en que celebramos el patrimonio cultural, tratamos de mostrarles a los activistas y sus experiencias e identidades que los convirtieron en los activistas que son hoy en d\u00eda. Kristen es una de esas activistas fenomenales que hace un trabajo incre\u00edble para imaginar de nuevo la vigilancia policial y destruir las [&hellip;]","og_url":"https:\/\/www.aclu-md.org\/es\/news\/mi-identidad-negra-y-latina-es-hermosa\/","og_site_name":"ACLU of Maryland","article_published_time":"2021-02-21T15:45:00+00:00","og_image":[{"width":479,"height":479,"url":"https:\/\/www.aclu-md.org\/app\/uploads\/2021\/02\/kristenlundy-1.jpg","type":"image\/jpeg"}],"author":"nehemiahbester","twitter_card":"summary_large_image","schema":{"@context":"https:\/\/schema.org","@graph":[{"@type":"WebPage","@id":"https:\/\/www.aclu-md.org\/es\/news\/mi-identidad-negra-y-latina-es-hermosa\/","url":"https:\/\/www.aclu-md.org\/es\/news\/mi-identidad-negra-y-latina-es-hermosa\/","name":"MI IDENTIDAD NEGRA Y LATINA ES HERMOSA - ACLU of Maryland","isPartOf":{"@id":"https:\/\/www.aclu-md.org\/#website"},"primaryImageOfPage":{"@id":"https:\/\/www.aclu-md.org\/es\/news\/mi-identidad-negra-y-latina-es-hermosa\/#primaryimage"},"image":{"@id":"https:\/\/www.aclu-md.org\/es\/news\/mi-identidad-negra-y-latina-es-hermosa\/#primaryimage"},"thumbnailUrl":"https:\/\/www.aclu-md.org\/app\/uploads\/2021\/02\/kristenlundy_blog_1_nologo_esp_1538x768.png","datePublished":"2021-02-21T15:45:00+00:00","inLanguage":"es-ES","potentialAction":[{"@type":"ReadAction","target":["https:\/\/www.aclu-md.org\/es\/news\/mi-identidad-negra-y-latina-es-hermosa\/"]}]},{"@type":"ImageObject","inLanguage":"es-ES","@id":"https:\/\/www.aclu-md.org\/es\/news\/mi-identidad-negra-y-latina-es-hermosa\/#primaryimage","url":"https:\/\/www.aclu-md.org\/app\/uploads\/2021\/02\/kristenlundy_blog_1_nologo_esp_1538x768.png","contentUrl":"https:\/\/www.aclu-md.org\/app\/uploads\/2021\/02\/kristenlundy_blog_1_nologo_esp_1538x768.png"},{"@type":"WebSite","@id":"https:\/\/www.aclu-md.org\/#website","url":"https:\/\/www.aclu-md.org\/","name":"ACLU of Maryland","description":"","publisher":{"@id":"https:\/\/www.aclu-md.org\/#organization"},"potentialAction":[{"@type":"SearchAction","target":{"@type":"EntryPoint","urlTemplate":"https:\/\/www.aclu-md.org\/?s={search_term_string}"},"query-input":{"@type":"PropertyValueSpecification","valueRequired":true,"valueName":"search_term_string"}}],"inLanguage":"es-ES"},{"@type":"Organization","@id":"https:\/\/www.aclu-md.org\/#organization","name":"ACLU of Maryland","url":"https:\/\/www.aclu-md.org\/","logo":{"@type":"ImageObject","inLanguage":"es-ES","@id":"https:\/\/www.aclu-md.org\/#\/schema\/logo\/image\/","url":"https:\/\/www.aclu-md.org\/app\/uploads\/2025\/08\/ACLU-Maryland_Color-Logo_RGB.png","contentUrl":"https:\/\/www.aclu-md.org\/app\/uploads\/2025\/08\/ACLU-Maryland_Color-Logo_RGB.png","width":1063,"height":620,"caption":"ACLU of Maryland"},"image":{"@id":"https:\/\/www.aclu-md.org\/#\/schema\/logo\/image\/"}}]}},"distributor_meta":false,"distributor_terms":false,"distributor_media":false,"distributor_original_site_name":"ACLU of Maryland","distributor_original_site_url":"https:\/\/www.aclu-md.org\/es\/","push-errors":false,"_links":{"self":[{"href":"https:\/\/www.aclu-md.org\/es\/wp-json\/wp\/v2\/posts\/18839","targetHints":{"allow":["GET"]}}],"collection":[{"href":"https:\/\/www.aclu-md.org\/es\/wp-json\/wp\/v2\/posts"}],"about":[{"href":"https:\/\/www.aclu-md.org\/es\/wp-json\/wp\/v2\/types\/post"}],"author":[{"embeddable":true,"href":"https:\/\/www.aclu-md.org\/es\/wp-json\/wp\/v2\/users\/6"}],"replies":[{"embeddable":true,"href":"https:\/\/www.aclu-md.org\/es\/wp-json\/wp\/v2\/comments?post=18839"}],"version-history":[{"count":0,"href":"https:\/\/www.aclu-md.org\/es\/wp-json\/wp\/v2\/posts\/18839\/revisions"}],"acf:post":[{"embeddable":true,"href":"https:\/\/www.aclu-md.org\/es\/wp-json\/wp\/v2\/posts\/18885"},{"embeddable":true,"href":"https:\/\/www.aclu-md.org\/es\/wp-json\/wp\/v2\/posts\/18884"},{"embeddable":true,"href":"https:\/\/www.aclu-md.org\/es\/wp-json\/wp\/v2\/posts\/18887"},{"embeddable":true,"href":"https:\/\/www.aclu-md.org\/es\/wp-json\/wp\/v2\/posts\/18888"},{"embeddable":true,"href":"https:\/\/www.aclu-md.org\/es\/wp-json\/wp\/v2\/posts\/18919"},{"embeddable":true,"href":"https:\/\/www.aclu-md.org\/es\/wp-json\/wp\/v2\/issue\/5478"},{"embeddable":true,"href":"https:\/\/www.aclu-md.org\/es\/wp-json\/wp\/v2\/issue\/5497"},{"embeddable":true,"href":"https:\/\/www.aclu-md.org\/es\/wp-json\/wp\/v2\/issue\/5428"},{"embeddable":true,"href":"https:\/\/www.aclu-md.org\/es\/wp-json\/wp\/v2\/issue\/5418"},{"embeddable":true,"href":"https:\/\/www.aclu-md.org\/es\/wp-json\/wp\/v2\/issue\/5413"},{"embeddable":true,"href":"https:\/\/www.aclu-md.org\/es\/wp-json\/wp\/v2\/issue\/5433"}],"wp:attachment":[{"href":"https:\/\/www.aclu-md.org\/es\/wp-json\/wp\/v2\/media?parent=18839"}],"wp:term":[{"taxonomy":"category","embeddable":true,"href":"https:\/\/www.aclu-md.org\/es\/wp-json\/wp\/v2\/categories?post=18839"},{"taxonomy":"post_tag","embeddable":true,"href":"https:\/\/www.aclu-md.org\/es\/wp-json\/wp\/v2\/tags?post=18839"}],"curies":[{"name":"wp","href":"https:\/\/api.w.org\/{rel}","templated":true}]}}