{"id":14910,"date":"2020-03-24T16:45:00","date_gmt":"2020-03-24T20:45:00","guid":{"rendered":"https:\/\/www.aclu-md.org\/press-releases\/grupos-que-apoyan-los-derechos-de-inmigrantes-demandan-ice-para-liberar-las-personas\/"},"modified":"2020-03-24T16:45:00","modified_gmt":"2020-03-24T20:45:00","slug":"grupos-que-apoyan-los-derechos-de-inmigrantes-demandan-ice-para-liberar-las-personas","status":"publish","type":"press_release","link":"https:\/\/www.aclu-md.org\/es\/press-releases\/grupos-que-apoyan-los-derechos-de-inmigrantes-demandan-ice-para-liberar-las-personas\/","title":{"rendered":"Grupos que apoyan los derechos de inmigrantes demandan a ICE para liberar a las personas detenidas de Maryland que tienen m\u00e1s riesgo de contraer COVID-19"},"author":6,"featured_media":0,"menu_order":0,"template":"","meta":{"_acf_changed":false,"_relevanssi_hide_post":"","_relevanssi_hide_content":"","_relevanssi_pin_for_all":"","_relevanssi_pin_keywords":"","_relevanssi_unpin_keywords":"","_relevanssi_related_keywords":"","_relevanssi_related_include_ids":"","_relevanssi_related_exclude_ids":"","_relevanssi_related_no_append":"","_relevanssi_related_not_related":"","_relevanssi_related_posts":"","_relevanssi_noindex_reason":""},"class_list":["post-14910","press_release","type-press_release","status-publish","hentry"],"acf":{"subheading":"","date_and_time":"2020-03-24 16:45:00","featured_image":4193,"components":[{"acf_fc_layout":"text","text":{"text":"CONTACTO: Neydin Mili\u00e1n, <a href=\"mailto:benavides@aclu-md.org?subject=Grupos%20que%20apoyan%20los%20derechos%20de%20inmigrantes%20demandan%20a%20ICE%20para%20liberar%20a%20las%20personas%20detenidas%20de%20Maryland%20que%20tienen%20m%C3%A1s%20riesgo%20de%20contraer%20COVID-19%20\">benavides@aclu-md.org<\/a> \n\nBALTIMORE \u2014 El Proyecto Nacional de Inmigraci\u00f3n del Gremio Nacional de Abogados (NIPNLG), la Coalici\u00f3n de Derechos de los Inmigrantes del \u00c1rea Capital (CAIR), la Uni\u00f3n Americana de Libertades Civiles y la ACLU de Maryland demandaron hoy el Servicio de Inmigraci\u00f3n y Control de Aduanas de los Estados Unidos (ICE) en nombre de los inmigrantes detenidos en el Centro de Detenci\u00f3n del Condado de Worcester y el Centro de Detenci\u00f3n del Condado de Howard en Maryland. Las organizaciones buscan la liberaci\u00f3n de las personas que est\u00e1n en detenci\u00f3n civil y tienen m\u00e1s riesgo de enfermedad grave o muerte en caso de infecci\u00f3n por COVID-19 debido a la edad o condici\u00f3n m\u00e9dica.\n\nCOVID-19 es una pandemia mundial, y expertos de salud p\u00fablica han advertido en muchas ocasiones que las personas detenidas en centros de detenci\u00f3n de inmigrantes corren un riesgo particularmente alto debido a condiciones a menudo superpobladas e insalubres. La presentaci\u00f3n de hoy incluye una declaraci\u00f3n del Dr. Ranit Mishori, quien habla del riesgo de salud p\u00fablica para nuestros demandantes. Los resultados de este caso podr\u00edan crear un precedente nacional para liberar a las personas, que tienen m\u00e1s riesgo de contraer COVID-19 debido a la edad y\/o condici\u00f3n m\u00e9dica, en todos los centros de detenci\u00f3n de inmigrantes. \n\n<strong>Sirine Shebaya, directora ejecutiva de NIPNLG, emiti\u00f3 la siguiente declaraci\u00f3n: <\/strong>\n\n\u201cLa innecesaria detenci\u00f3n de inmigrantes de ICE siempre ha sido cruel y excesiva, pero hoy tambi\u00e9n pone en peligro sus vidas. El gobierno est\u00e1 consciente del riesgo y, sin embargo, se ha negado a liberar a las personas detenidas, a pesar del consenso virtual entre los expertos en salud p\u00fablica, incluidos los que trabajan para el Departamento de Seguridad Nacional, de que la liberaci\u00f3n es necesaria en las circunstancias actuales. Mantener a las personas, que tienen m\u00e1s riesgo, detenidas en estas circunstancias es nada menos que una sentencia de muerte\u201d.\n\n<strong>Adina Appelbaum, directora del programa del Laboratorio de Impacto de Inmigraci\u00f3n en la Coalici\u00f3n CAIR, emiti\u00f3 la siguiente declaraci\u00f3n:<\/strong>\n\nPara las personas que est\u00e1n detenidas y tienen m\u00e1s riesgo de contraer COVID-19, la libertad es una cuesti\u00f3n de vida o muerte. La detenci\u00f3n durante una epidemia que amenaza las vidas de personas viola el derecho constitucional b\u00e1sico de nuestros clientes a estar libres de condiciones punitivas de confinamiento. Estas personas que son m\u00e9dicamente vulnerables necesitan ser liberadas al refugio y la seguridad de sus familias en Maryland, en este momento, antes de que sea demasiado tarde\u201d.\n\n<strong>Eunice Cho, abogada principal del Proyecto Nacional de la Prisi\u00f3n de la ACLU, emiti\u00f3 la siguiente declaraci\u00f3n:<\/strong>\n\n\"Estamos presentando demandas como este en todo el pa\u00eds y haciendo un esfuerzo urgente para salvar las vidas de los inmigrantes que son m\u00e1s vulnerables a este virus. Los funcionarios de ICE ya han comenzado a dar positivo por COVID-19. Los funcionarios de salud p\u00fablica siguen aconsejando que los centros de detenci\u00f3n, as\u00ed como las c\u00e1rceles, prisiones y otras instalaciones similares, deben reducir dr\u00e1sticamente su poblaci\u00f3n y densidad para la seguridad de las personas detenidas, el personal que trabaja en estas instalaciones y las comunidades en las que viven. ICE tendr\u00e1 la responsabilidad \u00faltima de una tragedia humanitaria si no act\u00faa ahora\u201d.\n\nEste caso se basa en un caso que <a href=\"https:\/\/www.aclu.org\/cases\/dawson-v-asher\" target=\"_blank\">la ACLU present\u00f3 la semana pasada<\/a> en el estado de Washington. Los oficiales de ICE ya han dado positivo por coronavirus en centros de detenci\u00f3n en Nueva Jersey y Texas. El Centro de Detenci\u00f3n del Condado de Worcester en Maryland est\u00e1 actualmente en cuarentena debido a la exposici\u00f3n a COVID-19. Los expertos en salud p\u00fablica dicen que se trata de cu\u00e1ndo habr\u00e1 un brote del virus en los centros de detenci\u00f3n, no si habr\u00e1 un brote.\n\nEste comunicado de prensa est\u00e1 en l\u00ednea, <a href=\"https:\/\/www.aclu.org\/press-releases\/immigrant-rights-groups-sue-ice-release-maryland-detainees-most-risk-covid-19\" target=\"_blank\">aqu\u00ed<\/a>.<br>La queja est\u00e1 en l\u00ednea, <a href=\"https:\/\/www.aclu.org\/legal-document\/coreas-v-bounds-complaint\" target=\"_blank\">aqu\u00ed<\/a>.<br>La declaraci\u00f3n del Dr. Mishori est\u00e1 en l\u00ednea, <a href=\"https:\/\/www.aclu.org\/legal-document\/coreas-v-bounds-declaration-dr-ranit-mishori\" target=\"_blank\">aqu\u00ed<\/a>."}}],"use_default_media_contact":false,"name":"<p>Hanna Johnson, ACLU, <a href=\"mailto:hjohnson@aclu.org?subject=RE%3A%20Immigrant%20Rights%20Groups%20Sue%20ICE%20To%20Release%20Maryland%20Detainees%20Most%20at%20Risk%20of%20COVID-19\">hjohnson@aclu.org<\/a>, 650-464-1698<br>Sirine Shebaya, NIPNLG, <a href=\"mailto:sshebaya@nipnlg.org?subject=RE%3A%20Immigrant%20Rights%20Groups%20Sue%20ICE%20To%20Release%20Maryland%20Detainees%20Most%20at%20Risk%20of%20COVID-19\">sshebaya@nipnlg.org<\/a>, 202-656-4788<br>Sheena Pegarido, CAIR, <a href=\"mailto:media@caircoalition.org?subject=RE%3A%20Immigrant%20Rights%20Groups%20Sue%20ICE%20To%20Release%20Maryland%20Detainees%20Most%20at%20Risk%20of%20COVID-19\">media@caircoalition.org<\/a>, 202-559-4431<\/p>","email":"","phone":"","address":{"address_1":"","address_2":"","city":"","state":"","zip_code":"","country":"United States"},"pgp_public_key":"","spokesperson":null,"related_content":[14905,14906,14907,18156,18151,18576,18804],"issues":[5418,5433,5473,5413],"toggle-pdf":true,"documents":null},"yoast_head":"<!-- This site is optimized with the Yoast SEO plugin v24.9 - https:\/\/yoast.com\/wordpress\/plugins\/seo\/ -->\n<title>Grupos que apoyan los derechos de inmigrantes demandan a ICE para liberar a las personas detenidas de Maryland que tienen m\u00e1s riesgo de contraer COVID-19 - ACLU of Maryland<\/title>\n<meta name=\"robots\" content=\"index, follow, max-snippet:-1, max-image-preview:large, max-video-preview:-1\" \/>\n<link rel=\"canonical\" href=\"https:\/\/www.aclu-md.org\/es\/press-releases\/grupos-que-apoyan-los-derechos-de-inmigrantes-demandan-ice-para-liberar-las-personas\/\" \/>\n<meta property=\"og:locale\" content=\"es_ES\" \/>\n<meta property=\"og:type\" content=\"article\" \/>\n<meta property=\"og:title\" content=\"Grupos que apoyan los derechos de inmigrantes demandan a ICE para liberar a las personas detenidas de Maryland que tienen m\u00e1s riesgo de contraer COVID-19 - ACLU of Maryland\" \/>\n<meta property=\"og:description\" content=\"CONTACTO: Neydin Mili\u00e1n, benavides@aclu-md.org&nbsp; BALTIMORE \u2014 El Proyecto Nacional de Inmigraci\u00f3n del Gremio Nacional de Abogados (NIPNLG), la Coalici\u00f3n de Derechos de los Inmigrantes del \u00c1rea Capital (CAIR), la Uni\u00f3n Americana de Libertades Civiles y la ACLU de Maryland demandaron hoy el Servicio de Inmigraci\u00f3n y Control de Aduanas de los Estados Unidos (ICE) en [&hellip;]\" \/>\n<meta property=\"og:url\" content=\"https:\/\/www.aclu-md.org\/es\/press-releases\/grupos-que-apoyan-los-derechos-de-inmigrantes-demandan-ice-para-liberar-las-personas\/\" \/>\n<meta property=\"og:site_name\" content=\"ACLU of Maryland\" \/>\n<meta property=\"og:image\" content=\"https:\/\/www.aclu-md.org\/app\/themes\/aclu-parent\/img\/default_fb_share.jpg\" \/>\n<meta name=\"twitter:card\" content=\"summary_large_image\" \/>\n<script type=\"application\/ld+json\" class=\"yoast-schema-graph\">{\"@context\":\"https:\/\/schema.org\",\"@graph\":[{\"@type\":\"WebPage\",\"@id\":\"https:\/\/www.aclu-md.org\/es\/press-releases\/grupos-que-apoyan-los-derechos-de-inmigrantes-demandan-ice-para-liberar-las-personas\/\",\"url\":\"https:\/\/www.aclu-md.org\/es\/press-releases\/grupos-que-apoyan-los-derechos-de-inmigrantes-demandan-ice-para-liberar-las-personas\/\",\"name\":\"Grupos que apoyan los derechos de inmigrantes demandan a ICE para liberar a las personas detenidas de Maryland que tienen m\u00e1s riesgo de contraer COVID-19 - ACLU of Maryland\",\"isPartOf\":{\"@id\":\"https:\/\/www.aclu-md.org\/#website\"},\"datePublished\":\"2020-03-24T20:45:00+00:00\",\"breadcrumb\":{\"@id\":\"https:\/\/www.aclu-md.org\/es\/press-releases\/grupos-que-apoyan-los-derechos-de-inmigrantes-demandan-ice-para-liberar-las-personas\/#breadcrumb\"},\"inLanguage\":\"es-ES\",\"potentialAction\":[{\"@type\":\"ReadAction\",\"target\":[\"https:\/\/www.aclu-md.org\/es\/press-releases\/grupos-que-apoyan-los-derechos-de-inmigrantes-demandan-ice-para-liberar-las-personas\/\"]}]},{\"@type\":\"BreadcrumbList\",\"@id\":\"https:\/\/www.aclu-md.org\/es\/press-releases\/grupos-que-apoyan-los-derechos-de-inmigrantes-demandan-ice-para-liberar-las-personas\/#breadcrumb\",\"itemListElement\":[{\"@type\":\"ListItem\",\"position\":1,\"name\":\"Press Releases\",\"item\":\"https:\/\/live-awp-maryland.pantheonsite.io\/press-releases\/\"},{\"@type\":\"ListItem\",\"position\":2,\"name\":\"Grupos que apoyan los derechos de inmigrantes demandan a ICE para liberar a las personas detenidas de Maryland que tienen m\u00e1s riesgo de contraer COVID-19\"}]},{\"@type\":\"WebSite\",\"@id\":\"https:\/\/www.aclu-md.org\/#website\",\"url\":\"https:\/\/www.aclu-md.org\/\",\"name\":\"ACLU of Maryland\",\"description\":\"\",\"publisher\":{\"@id\":\"https:\/\/www.aclu-md.org\/#organization\"},\"potentialAction\":[{\"@type\":\"SearchAction\",\"target\":{\"@type\":\"EntryPoint\",\"urlTemplate\":\"https:\/\/www.aclu-md.org\/?s={search_term_string}\"},\"query-input\":{\"@type\":\"PropertyValueSpecification\",\"valueRequired\":true,\"valueName\":\"search_term_string\"}}],\"inLanguage\":\"es-ES\"},{\"@type\":\"Organization\",\"@id\":\"https:\/\/www.aclu-md.org\/#organization\",\"name\":\"ACLU of Maryland\",\"url\":\"https:\/\/www.aclu-md.org\/\",\"logo\":{\"@type\":\"ImageObject\",\"inLanguage\":\"es-ES\",\"@id\":\"https:\/\/www.aclu-md.org\/#\/schema\/logo\/image\/\",\"url\":\"https:\/\/www.aclu-md.org\/app\/uploads\/2025\/08\/ACLU-Maryland_Color-Logo_RGB.png\",\"contentUrl\":\"https:\/\/www.aclu-md.org\/app\/uploads\/2025\/08\/ACLU-Maryland_Color-Logo_RGB.png\",\"width\":1063,\"height\":620,\"caption\":\"ACLU of Maryland\"},\"image\":{\"@id\":\"https:\/\/www.aclu-md.org\/#\/schema\/logo\/image\/\"}}]}<\/script>\n<!-- \/ Yoast SEO plugin. -->","yoast_head_json":{"title":"Grupos que apoyan los derechos de inmigrantes demandan a ICE para liberar a las personas detenidas de Maryland que tienen m\u00e1s riesgo de contraer COVID-19 - ACLU of Maryland","robots":{"index":"index","follow":"follow","max-snippet":"max-snippet:-1","max-image-preview":"max-image-preview:large","max-video-preview":"max-video-preview:-1"},"canonical":"https:\/\/www.aclu-md.org\/es\/press-releases\/grupos-que-apoyan-los-derechos-de-inmigrantes-demandan-ice-para-liberar-las-personas\/","og_locale":"es_ES","og_type":"article","og_title":"Grupos que apoyan los derechos de inmigrantes demandan a ICE para liberar a las personas detenidas de Maryland que tienen m\u00e1s riesgo de contraer COVID-19 - ACLU of Maryland","og_description":"CONTACTO: Neydin Mili\u00e1n, benavides@aclu-md.org&nbsp; BALTIMORE \u2014 El Proyecto Nacional de Inmigraci\u00f3n del Gremio Nacional de Abogados (NIPNLG), la Coalici\u00f3n de Derechos de los Inmigrantes del \u00c1rea Capital (CAIR), la Uni\u00f3n Americana de Libertades Civiles y la ACLU de Maryland demandaron hoy el Servicio de Inmigraci\u00f3n y Control de Aduanas de los Estados Unidos (ICE) en [&hellip;]","og_url":"https:\/\/www.aclu-md.org\/es\/press-releases\/grupos-que-apoyan-los-derechos-de-inmigrantes-demandan-ice-para-liberar-las-personas\/","og_site_name":"ACLU of Maryland","og_image":[{"url":"https:\/\/www.aclu-md.org\/app\/themes\/aclu-parent\/img\/default_fb_share.jpg","type":"","width":"","height":""}],"twitter_card":"summary_large_image","schema":{"@context":"https:\/\/schema.org","@graph":[{"@type":"WebPage","@id":"https:\/\/www.aclu-md.org\/es\/press-releases\/grupos-que-apoyan-los-derechos-de-inmigrantes-demandan-ice-para-liberar-las-personas\/","url":"https:\/\/www.aclu-md.org\/es\/press-releases\/grupos-que-apoyan-los-derechos-de-inmigrantes-demandan-ice-para-liberar-las-personas\/","name":"Grupos que apoyan los derechos de inmigrantes demandan a ICE para liberar a las personas detenidas de Maryland que tienen m\u00e1s riesgo de contraer COVID-19 - ACLU of Maryland","isPartOf":{"@id":"https:\/\/www.aclu-md.org\/#website"},"datePublished":"2020-03-24T20:45:00+00:00","breadcrumb":{"@id":"https:\/\/www.aclu-md.org\/es\/press-releases\/grupos-que-apoyan-los-derechos-de-inmigrantes-demandan-ice-para-liberar-las-personas\/#breadcrumb"},"inLanguage":"es-ES","potentialAction":[{"@type":"ReadAction","target":["https:\/\/www.aclu-md.org\/es\/press-releases\/grupos-que-apoyan-los-derechos-de-inmigrantes-demandan-ice-para-liberar-las-personas\/"]}]},{"@type":"BreadcrumbList","@id":"https:\/\/www.aclu-md.org\/es\/press-releases\/grupos-que-apoyan-los-derechos-de-inmigrantes-demandan-ice-para-liberar-las-personas\/#breadcrumb","itemListElement":[{"@type":"ListItem","position":1,"name":"Press Releases","item":"https:\/\/live-awp-maryland.pantheonsite.io\/press-releases\/"},{"@type":"ListItem","position":2,"name":"Grupos que apoyan los derechos de inmigrantes demandan a ICE para liberar a las personas detenidas de Maryland que tienen m\u00e1s riesgo de contraer COVID-19"}]},{"@type":"WebSite","@id":"https:\/\/www.aclu-md.org\/#website","url":"https:\/\/www.aclu-md.org\/","name":"ACLU of Maryland","description":"","publisher":{"@id":"https:\/\/www.aclu-md.org\/#organization"},"potentialAction":[{"@type":"SearchAction","target":{"@type":"EntryPoint","urlTemplate":"https:\/\/www.aclu-md.org\/?s={search_term_string}"},"query-input":{"@type":"PropertyValueSpecification","valueRequired":true,"valueName":"search_term_string"}}],"inLanguage":"es-ES"},{"@type":"Organization","@id":"https:\/\/www.aclu-md.org\/#organization","name":"ACLU of Maryland","url":"https:\/\/www.aclu-md.org\/","logo":{"@type":"ImageObject","inLanguage":"es-ES","@id":"https:\/\/www.aclu-md.org\/#\/schema\/logo\/image\/","url":"https:\/\/www.aclu-md.org\/app\/uploads\/2025\/08\/ACLU-Maryland_Color-Logo_RGB.png","contentUrl":"https:\/\/www.aclu-md.org\/app\/uploads\/2025\/08\/ACLU-Maryland_Color-Logo_RGB.png","width":1063,"height":620,"caption":"ACLU of Maryland"},"image":{"@id":"https:\/\/www.aclu-md.org\/#\/schema\/logo\/image\/"}}]}},"distributor_meta":false,"distributor_terms":false,"distributor_media":false,"distributor_original_site_name":"ACLU of Maryland","distributor_original_site_url":"https:\/\/www.aclu-md.org\/es\/","push-errors":false,"_links":{"self":[{"href":"https:\/\/www.aclu-md.org\/es\/wp-json\/wp\/v2\/press_release\/14910","targetHints":{"allow":["GET"]}}],"collection":[{"href":"https:\/\/www.aclu-md.org\/es\/wp-json\/wp\/v2\/press_release"}],"about":[{"href":"https:\/\/www.aclu-md.org\/es\/wp-json\/wp\/v2\/types\/press_release"}],"author":[{"embeddable":true,"href":"https:\/\/www.aclu-md.org\/es\/wp-json\/wp\/v2\/users\/6"}],"version-history":[{"count":0,"href":"https:\/\/www.aclu-md.org\/es\/wp-json\/wp\/v2\/press_release\/14910\/revisions"}],"acf:post":[{"embeddable":true,"href":"https:\/\/www.aclu-md.org\/es\/wp-json\/wp\/v2\/issue\/5413"},{"embeddable":true,"href":"https:\/\/www.aclu-md.org\/es\/wp-json\/wp\/v2\/issue\/5473"},{"embeddable":true,"href":"https:\/\/www.aclu-md.org\/es\/wp-json\/wp\/v2\/issue\/5433"},{"embeddable":true,"href":"https:\/\/www.aclu-md.org\/es\/wp-json\/wp\/v2\/issue\/5418"},{"embeddable":true,"href":"https:\/\/www.aclu-md.org\/es\/wp-json\/wp\/v2\/posts\/18804"},{"embeddable":true,"href":"https:\/\/www.aclu-md.org\/es\/wp-json\/wp\/v2\/podcast\/18576"},{"embeddable":true,"href":"https:\/\/www.aclu-md.org\/es\/wp-json\/wp\/v2\/pages\/18151"},{"embeddable":true,"href":"https:\/\/www.aclu-md.org\/es\/wp-json\/wp\/v2\/pages\/18156"},{"embeddable":true,"href":"https:\/\/www.aclu-md.org\/es\/wp-json\/wp\/v2\/press_release\/14907"},{"embeddable":true,"href":"https:\/\/www.aclu-md.org\/es\/wp-json\/wp\/v2\/press_release\/14906"},{"embeddable":true,"href":"https:\/\/www.aclu-md.org\/es\/wp-json\/wp\/v2\/press_release\/14905"}],"wp:attachment":[{"href":"https:\/\/www.aclu-md.org\/es\/wp-json\/wp\/v2\/media?parent=14910"}],"curies":[{"name":"wp","href":"https:\/\/api.w.org\/{rel}","templated":true}]}}