{"id":14950,"date":"2020-09-17T11:30:00","date_gmt":"2020-09-17T15:30:00","guid":{"rendered":"https:\/\/www.aclu-md.org\/press-releases\/pensar-libremente-nuevo-episodio-del-podcast-todavia-estamos-subiendo-como-la\/"},"modified":"2020-09-17T11:30:00","modified_gmt":"2020-09-17T15:30:00","slug":"pensar-libremente-nuevo-episodio-del-podcast-todavia-estamos-subiendo-como-la","status":"publish","type":"press_release","link":"https:\/\/www.aclu-md.org\/es\/press-releases\/pensar-libremente-nuevo-episodio-del-podcast-todavia-estamos-subiendo-como-la\/","title":{"rendered":"Pensar libremente: Nuevo episodio del podcast \u2014 \"Todav\u00eda estamos subiendo: C\u00f3mo la comunidad latina est\u00e1 ejerciendo su poder en Frederick\""},"author":6,"featured_media":0,"menu_order":0,"template":"","meta":{"_acf_changed":false,"_relevanssi_hide_post":"","_relevanssi_hide_content":"","_relevanssi_pin_for_all":"","_relevanssi_pin_keywords":"","_relevanssi_unpin_keywords":"","_relevanssi_related_keywords":"","_relevanssi_related_include_ids":"","_relevanssi_related_exclude_ids":"","_relevanssi_related_no_append":"","_relevanssi_related_not_related":"","_relevanssi_related_posts":"","_relevanssi_noindex_reason":""},"class_list":["post-14950","press_release","type-press_release","status-publish","hentry"],"acf":{"subheading":"","date_and_time":"2020-09-17 11:30:00","featured_image":2647,"components":[{"acf_fc_layout":"text","text":{"text":"CONTACTO: Neydin Mili\u00e1n, benavides@aclu-md.org, 443-301-3116\n\nBALTIMORE, MD \u2014 Ante los ataques de la Administraci\u00f3n Trump, la discriminaci\u00f3n racial por parte de la polic\u00eda y el Servicio de Inmigraci\u00f3n y Aduanas de los Estados Unidos (ICE por sus siglas en ingl\u00e9s) y las pol\u00edticas y el cumplimiento de inmigraci\u00f3n racistas, la comunidad latina sigue siendo fuerte y poderosa. En el episodio de este mes del podcast de <em><a href=\"https:\/\/www.aclu-md.org\/podcast\/still-rising-how-latinx-community-exercising-their-power-frederick\/\" target=\"_blank\">Pensar Libremente<\/a><\/em>, Jazmin DiCola de la <a href=\"https:\/\/www.risewesternmd.com\/\" target=\"_blank\">coalici\u00f3n del poniente de Maryland (RISE)<\/a> y <a href=\"https:\/\/www.aclu-md.org\/?post_type=author&amp;p=3022\" target=\"_blank\">Nick Taichi Steiner<\/a>, abogado de la Uni\u00f3n Americana de Libertades Civiles (ACLU) de Maryland, se unieron a <a href=\"https:\/\/www.aclu-md.org\/?post_type=author&amp;p=2994\" target=\"_blank\">Amber Taylor<\/a>, presentadora y productora de <em>Pensar Libremente<\/em>, para una conversaci\u00f3n virtual para celebrar las identidades latinas, durante este Mes de la Herencia Latina, y para discutir temas de justicia racial que afectan a las personas latinas.\n\nAqu\u00ed en Maryland, hemos visto ejemplos especialmente claros de discriminaci\u00f3n racial en el condado de Frederick, el condado donde la Coalici\u00f3n RISE ha enfocado su trabajo. Con historias como las de <a href=\"https:\/\/www.aclu-md.org\/news\/celebrating-immigrant-spirit-sara-medranos-story\/\" target=\"_blank\">Sara Medrano<\/a>, una mujer que fue detenida por los diputados del Sheriff de Frederick por una luz trasera \"quebrada\", la cual result\u00f3 funcionar bien, y Roxana Santos que fue arrestada injustamente por comer su s\u00e1ndwich \"sospechosamente\", este tipo de interacciones deja a las comunidades latinas sinti\u00e9ndose ansiosas y temerosas por la polic\u00eda y el ICE.\n\nJazmin DiCola dijo: \"Ven coches de polic\u00eda a menudo donde trabajan y los est\u00e1n observando. Est\u00e1n haciendo discriminaci\u00f3n racial. Sienten que cuando salgan del trabajo y la polic\u00eda est\u00e1 all\u00ed, 'Tengo miedo de no llegar a casa. Me temo que me van a parar y llevarme'. Porque ven a la polic\u00eda y la inmigraci\u00f3n como lo mismo\u201d.\n\nUn informe publicado por la Oficina de Estad\u00edsticas de Justicia mostr\u00f3 que hab\u00eda m\u00e1s probabilidades de que la polic\u00eda detuviera a las personas negras en el tr\u00e1fico y en las calles.1 Durante las interacciones que la polic\u00eda empez\u00f3, era el doble de probabilidades de que la polic\u00eda usara la fuerza o amenazara con usar la fuerza contra las personas negras y latinas que los blancos.2 ICE tambi\u00e9n se involucra en un patr\u00f3n de discriminaci\u00f3n racial. Alrededor del 98 por ciento de las personas que fueron <a href=\"https:\/\/www.aclu-md.org\/es\/news\/la-verdad-de-los-programas-287g\/\" target=\"_blank\">deportadas<\/a> proced\u00edan de pa\u00edses latinos y africanos en 2012 y 2013.3\n\nNo siempre es f\u00e1cil organizar y desafiar el racismo sist\u00e9mico frente a programas racistas como <a href=\"https:\/\/www.aclu-md.org\/campaigns-initiatives\/end-federal-287g-program-maryland\/\" target=\"_blank\">287(g)<\/a> que mezclan a la polic\u00eda local e ICE y fomentan el perfil racial. Sin embargo, RISE ha hecho precisamente eso en la demanda <a href=\"https:\/\/www.aclu-md.org\/cases\/medrano-v-jenkins\/\" target=\"_blank\"><em>Medrano vs. Jenkins<\/em><\/a>, presentada con el apoyo de la ACLU de Maryland. Los inmigrantes negros y latinos tambi\u00e9n han estado en los <a href=\"https:\/\/www.aclu-md.org\/cases\/miranda-v-barr\/\" target=\"_blank\">tribunales<\/a> y han desafiado el fracaso de la administraci\u00f3n Trump para proporcionar audiencias justas a las personas en los centros de detenci\u00f3n de inmigrantes.\n\nLas comunidades exigen que la polic\u00eda y el ICE reconozcan que todo el mundo tiene derechos: los derechos al debido proceso y el derecho a no ser discriminados por el color de su piel. Nick Taichi Steiner dijo: \u201cLa Constituci\u00f3n se aplica a todos. No hace ninguna diferencia si usted es un inmigrante o no - usted es un ciudadano estadounidense o no. La Constituci\u00f3n se aplica a usted\u201d.\n\nJunto con la discriminaci\u00f3n racial de la polic\u00eda y el ICE, la comunidad latina tambi\u00e9n ha tenido que sentir el impacto econ\u00f3mico y f\u00edsico de COVID-19. En Maryland, las personas latinas tienen la tasa m\u00e1s alta de contraer el virus y las personas negras tienen la tasa m\u00e1s alta de muertes por COVID-19.4 Y debido a que el encarcelamiento masivo y la detenci\u00f3n de ICE afectan desproporcionadamente a las personas negras y latinas, esto empeora sus posibilidades de sobrevivir a esta pandemia."}},{"acf_fc_layout":"single-image","single-image":{"":null,"image-group":{"image":13910,"":null,"caption":"","credit":"","link-settings":"none","url":""},"width":"standard","alignment":"left"}},{"acf_fc_layout":"single-image","single-image":{"":null,"image-group":{"image":13912,"":null,"caption":"","credit":"","link-settings":"none","url":""},"width":"standard","alignment":"left"}},{"acf_fc_layout":"text","text":{"text":"<em>(Charts5)<\/em>\n\nNick Taichi Steiner dijo: \u201cLos tribunales de todo el pa\u00eds han estado ordenando que las personas sean liberadas de los centros de detenci\u00f3n de inmigrantes. Hay alternativas a la detenci\u00f3n. La gente todav\u00eda puede estar con sus familias sin tener que pasar por este proceso terrible y traum\u00e1tico de ser puesto en una jaula, lejos de su familia. Es simplemente innecesario. La pandemia muestra cu\u00e1n innecesaria es la detenci\u00f3n\u201d.\n\nA pesar de estos desaf\u00edos, la comunidad latina todav\u00eda encuentra maneras de abogar y ejercer sus derechos constitucionales para hacer que su comunidad sea m\u00e1s segura. Al celebrar el Mes de la Herencia Latina, debemos seguir elevando la humanidad de las personas latinas.\n\nEso tambi\u00e9n significa que debemos proteger a la gente afrolatina, pueblos ind\u00edgenas y las personas latinas de color de la victimizaci\u00f3n y criminalizaci\u00f3n, porque con demasiada frecuencia son discriminados por el color de su piel, son perseguidos como alguien que no pertenece a este pa\u00eds y se les niegan los derechos, el respeto y la dignidad que todo el mundo merece.\n\nJazmin DiCola dijo: \u201cEstoy muy orgulloso de ser latina. Estamos dispuestos a estar aqu\u00ed y levantar la voz. Queremos una comunidad acogedora. Un lugar donde todos acepten nuestras culturas, acepten las diferencias de todos. Estoy muy orgullosa de que somos esa comunidad. La comunidad latina no es s\u00f3lo un color, no s\u00f3lo una etnia. No, somos diferentes. Todos tenemos culturas diferentes. Pero nos convertimos en uno y lo entendemos. Entonces, estoy muy orgullosa de eso y s\u00e9 que la comunidad est\u00e1 buscando ese cambio. Se est\u00e1 moviendo hacia adelante. E incluso si tienen miedo, eso no los detiene\u201d.\n\nPensar libremente promete incluir siempre activistas locales y miembros del personal de ACLU de Maryland en el podcast para informarle sobre las \u00faltimas noticias y lo que puede hacer al respecto. En este podcast, Jazmin y Nick reinventan c\u00f3mo podr\u00eda ser el futuro para las personas latinas, aspirando a la idea de no inmigrantes en jaulas y esperando una mayor participaci\u00f3n de los l\u00edderes pol\u00edticos con sus comunidades que no hablan ingl\u00e9s. \u00danase a nosotros en la lucha por un mejor futuro para las personas latinas en Maryland. Escuche <a href=\"https:\/\/www.aclu-md.org\/podcast\/still-rising-how-latinx-community-exercising-their-power-frederick\/\" target=\"_blank\">aqu\u00ed<\/a>.\n\n<strong>SUSCRIBIRSE: <\/strong>Pensar libremente est\u00e1 disponible <a href=\"https:\/\/play.google.com\/music\/listen?u=0#\/ps\/Iovitkav2lgd54xd4yk7mudsoiy\" target=\"blank\">Google Play<\/a>, <a href=\"https:\/\/podcasts.apple.com\/us\/podcast\/thinking-freely\/id1473066516\" target=\"blank\">Apple Podcasts<\/a>, <a href=\"https:\/\/open.spotify.com\/show\/3YFnQRXlEux8Gge7dCYSOM\" target=\"blank\">Spotify<\/a>, <a href=\"https:\/\/soundcloud.com\/user-980717086\" target=\"blank\">SoundCloud<\/a>, <a href=\"https:\/\/radiopublic.com\/thinking-freely-WlVaNV\" target=\"blank\">Radio Public<\/a>, <a href=\"https:\/\/www.listennotes.com\/podcasts\/thinking-freely-aclu-of-maryland-uU41VXslEHq\/\" target=\"blank\">Listen Notes<\/a>, <a href=\"https:\/\/www.stitcher.com\/podcast\/amber-taylor\/thinking-freely?refid=stpr\" target=\"blank\">Stitcher<\/a>, and <a href=\"https:\/\/www.pandora.com\/podcast\/thinking-freely\/PC:27095?part=PC:27095&amp;corr=podcast_organic_external_site&amp;TID=Brand:POC:PC27095:podcast_organic_external_site\" target=\"blank\">Pandora<\/a>. "}},{"acf_fc_layout":"divider","divider":{"divider_type":"hr"}},{"acf_fc_layout":"text","text":{"text":"1 The Bureau of Justice Statistics. (2018, October). Contacts Between Police and the Public, 2015. Retrieved from <a href=\"https:\/\/www.bjs.gov\/content\/pub\/pdf\/cpp15.pdf\" target=\"blank\">https:\/\/www.bjs.gov\/content\/pub\/pdf\/cpp15.pdf<\/a>.\n\n<em>2 Id.<\/em>\n\n3 Transactional Records Access Clearinghouse (TRAC) - Comprehensive, Independent, and Nonpartisan Information on Federal Enforcement, Staffing and Funding, <a href=\"https:\/\/trac.syr.edu\/immigration\/reports\/350\/\" target=\"blank\">https:\/\/trac.syr.edu\/immigration\/reports\/350\/<\/a>.\n\n4 Maryland Department of Health. (n.d.). Coronavirus 2019 (Outbreak) Data. Retrieved September 15, 2020, from <a href=\"https:\/\/coronavirus.maryland.gov\/\" target=\"blank\">https:\/\/coronavirus.maryland.gov\/<\/a>.\n\n5 Census Reporter. Census profile: Maryland. Retrieved September 15, 2020, from <a href=\"https:\/\/censusreporter.org\/profiles\/04000US24-maryland\/\" target=\"blank\">https:\/\/censusreporter.org\/profiles\/04000US24-maryland\/<\/a>."}}],"use_default_media_contact":false,"name":"<p>Neydin Mili\u00e1n, <a href=\"mailto:benavides@aclu-md.org?subject=RE%3A%20New%20Thinking%20Freely%20Podcast%20Episode%20%E2%80%94%20%E2%80%9CStill%20Rising%3A%20How%20the%20Latinx%20community%20is%20exercising%20their%20power%20in%20Frederick%E2%80%9D\">benavides@aclu-md.org<\/a>, 443-301-3116<\/p>","email":"","phone":"","address":{"address_1":"","address_2":"","city":"","state":"","zip_code":"","country":"United States"},"pgp_public_key":"","spokesperson":null,"related_content":[18138,18581],"issues":[5500,5418,5433,5413],"toggle-pdf":true,"documents":null},"yoast_head":"<!-- This site is optimized with the Yoast SEO plugin v24.9 - https:\/\/yoast.com\/wordpress\/plugins\/seo\/ -->\n<title>Pensar libremente: Nuevo episodio del podcast \u2014 &quot;Todav\u00eda estamos subiendo: C\u00f3mo la comunidad latina est\u00e1 ejerciendo su poder en Frederick&quot; - ACLU of Maryland<\/title>\n<meta name=\"robots\" content=\"index, follow, max-snippet:-1, max-image-preview:large, max-video-preview:-1\" \/>\n<link rel=\"canonical\" href=\"https:\/\/www.aclu-md.org\/press-releases\/pensar-libremente-nuevo-episodio-del-podcast-todavia-estamos-subiendo-como-la\/\" \/>\n<meta property=\"og:locale\" content=\"es_ES\" \/>\n<meta property=\"og:type\" content=\"article\" \/>\n<meta property=\"og:title\" content=\"Pensar libremente: Nuevo episodio del podcast \u2014 &quot;Todav\u00eda estamos subiendo: C\u00f3mo la comunidad latina est\u00e1 ejerciendo su poder en Frederick&quot; - ACLU of Maryland\" \/>\n<meta property=\"og:description\" content=\"CONTACTO: Neydin Mili\u00e1n, benavides@aclu-md.org, 443-301-3116 BALTIMORE, MD \u2014 Ante los ataques de la Administraci\u00f3n Trump, la discriminaci\u00f3n racial por parte de la polic\u00eda y el Servicio de Inmigraci\u00f3n y Aduanas de los Estados Unidos (ICE por sus siglas en ingl\u00e9s) y las pol\u00edticas y el cumplimiento de inmigraci\u00f3n racistas, la comunidad latina sigue siendo fuerte [&hellip;]\" \/>\n<meta property=\"og:url\" content=\"https:\/\/www.aclu-md.org\/es\/press-releases\/pensar-libremente-nuevo-episodio-del-podcast-todavia-estamos-subiendo-como-la\/\" \/>\n<meta property=\"og:site_name\" content=\"ACLU of Maryland\" \/>\n<meta property=\"og:image\" content=\"https:\/\/www.aclu-md.org\/app\/uploads\/2019\/07\/thinkingfreely_launch_1200x630_v2.png\" \/>\n\t<meta property=\"og:image:width\" content=\"1200\" \/>\n\t<meta property=\"og:image:height\" content=\"630\" \/>\n\t<meta property=\"og:image:type\" content=\"image\/png\" \/>\n<meta name=\"twitter:card\" content=\"summary_large_image\" \/>\n<script type=\"application\/ld+json\" class=\"yoast-schema-graph\">{\"@context\":\"https:\/\/schema.org\",\"@graph\":[{\"@type\":\"WebPage\",\"@id\":\"https:\/\/www.aclu-md.org\/press-releases\/pensar-libremente-nuevo-episodio-del-podcast-todavia-estamos-subiendo-como-la\/\",\"url\":\"https:\/\/www.aclu-md.org\/press-releases\/pensar-libremente-nuevo-episodio-del-podcast-todavia-estamos-subiendo-como-la\/\",\"name\":\"Pensar libremente: Nuevo episodio del podcast \u2014 \\\"Todav\u00eda estamos subiendo: C\u00f3mo la comunidad latina est\u00e1 ejerciendo su poder en Frederick\\\" - ACLU of Maryland\",\"isPartOf\":{\"@id\":\"https:\/\/www.aclu-md.org\/#website\"},\"primaryImageOfPage\":{\"@id\":\"https:\/\/www.aclu-md.org\/press-releases\/pensar-libremente-nuevo-episodio-del-podcast-todavia-estamos-subiendo-como-la\/#primaryimage\"},\"image\":{\"@id\":\"https:\/\/www.aclu-md.org\/press-releases\/pensar-libremente-nuevo-episodio-del-podcast-todavia-estamos-subiendo-como-la\/#primaryimage\"},\"thumbnailUrl\":\"https:\/\/www.aclu-md.org\/app\/uploads\/2020\/09\/screen_shot_2020-09-16_at_10.01.44_am.png\",\"datePublished\":\"2020-09-17T15:30:00+00:00\",\"breadcrumb\":{\"@id\":\"https:\/\/www.aclu-md.org\/press-releases\/pensar-libremente-nuevo-episodio-del-podcast-todavia-estamos-subiendo-como-la\/#breadcrumb\"},\"inLanguage\":\"es-ES\",\"potentialAction\":[{\"@type\":\"ReadAction\",\"target\":[\"https:\/\/www.aclu-md.org\/press-releases\/pensar-libremente-nuevo-episodio-del-podcast-todavia-estamos-subiendo-como-la\/\"]}]},{\"@type\":\"ImageObject\",\"inLanguage\":\"es-ES\",\"@id\":\"https:\/\/www.aclu-md.org\/press-releases\/pensar-libremente-nuevo-episodio-del-podcast-todavia-estamos-subiendo-como-la\/#primaryimage\",\"url\":\"https:\/\/www.aclu-md.org\/app\/uploads\/2020\/09\/screen_shot_2020-09-16_at_10.01.44_am.png\",\"contentUrl\":\"https:\/\/www.aclu-md.org\/app\/uploads\/2020\/09\/screen_shot_2020-09-16_at_10.01.44_am.png\"},{\"@type\":\"BreadcrumbList\",\"@id\":\"https:\/\/www.aclu-md.org\/press-releases\/pensar-libremente-nuevo-episodio-del-podcast-todavia-estamos-subiendo-como-la\/#breadcrumb\",\"itemListElement\":[{\"@type\":\"ListItem\",\"position\":1,\"name\":\"Press Releases\",\"item\":\"https:\/\/live-awp-maryland.pantheonsite.io\/press-releases\/\"},{\"@type\":\"ListItem\",\"position\":2,\"name\":\"Pensar libremente: Nuevo episodio del podcast \u2014 \\\"Todav\u00eda estamos subiendo: C\u00f3mo la comunidad latina est\u00e1 ejerciendo su poder en Frederick\\\"\"}]},{\"@type\":\"WebSite\",\"@id\":\"https:\/\/www.aclu-md.org\/#website\",\"url\":\"https:\/\/www.aclu-md.org\/\",\"name\":\"ACLU of Maryland\",\"description\":\"\",\"publisher\":{\"@id\":\"https:\/\/www.aclu-md.org\/#organization\"},\"potentialAction\":[{\"@type\":\"SearchAction\",\"target\":{\"@type\":\"EntryPoint\",\"urlTemplate\":\"https:\/\/www.aclu-md.org\/?s={search_term_string}\"},\"query-input\":{\"@type\":\"PropertyValueSpecification\",\"valueRequired\":true,\"valueName\":\"search_term_string\"}}],\"inLanguage\":\"es-ES\"},{\"@type\":\"Organization\",\"@id\":\"https:\/\/www.aclu-md.org\/#organization\",\"name\":\"ACLU of Maryland\",\"url\":\"https:\/\/www.aclu-md.org\/\",\"logo\":{\"@type\":\"ImageObject\",\"inLanguage\":\"es-ES\",\"@id\":\"https:\/\/www.aclu-md.org\/#\/schema\/logo\/image\/\",\"url\":\"https:\/\/www.aclu-md.org\/app\/uploads\/2025\/08\/ACLU-Maryland_Color-Logo_RGB.png\",\"contentUrl\":\"https:\/\/www.aclu-md.org\/app\/uploads\/2025\/08\/ACLU-Maryland_Color-Logo_RGB.png\",\"width\":1063,\"height\":620,\"caption\":\"ACLU of Maryland\"},\"image\":{\"@id\":\"https:\/\/www.aclu-md.org\/#\/schema\/logo\/image\/\"}}]}<\/script>\n<!-- \/ Yoast SEO plugin. -->","yoast_head_json":{"title":"Pensar libremente: Nuevo episodio del podcast \u2014 \"Todav\u00eda estamos subiendo: C\u00f3mo la comunidad latina est\u00e1 ejerciendo su poder en Frederick\" - ACLU of Maryland","robots":{"index":"index","follow":"follow","max-snippet":"max-snippet:-1","max-image-preview":"max-image-preview:large","max-video-preview":"max-video-preview:-1"},"canonical":"https:\/\/www.aclu-md.org\/press-releases\/pensar-libremente-nuevo-episodio-del-podcast-todavia-estamos-subiendo-como-la\/","og_locale":"es_ES","og_type":"article","og_title":"Pensar libremente: Nuevo episodio del podcast \u2014 \"Todav\u00eda estamos subiendo: C\u00f3mo la comunidad latina est\u00e1 ejerciendo su poder en Frederick\" - ACLU of Maryland","og_description":"CONTACTO: Neydin Mili\u00e1n, benavides@aclu-md.org, 443-301-3116 BALTIMORE, MD \u2014 Ante los ataques de la Administraci\u00f3n Trump, la discriminaci\u00f3n racial por parte de la polic\u00eda y el Servicio de Inmigraci\u00f3n y Aduanas de los Estados Unidos (ICE por sus siglas en ingl\u00e9s) y las pol\u00edticas y el cumplimiento de inmigraci\u00f3n racistas, la comunidad latina sigue siendo fuerte [&hellip;]","og_url":"https:\/\/www.aclu-md.org\/es\/press-releases\/pensar-libremente-nuevo-episodio-del-podcast-todavia-estamos-subiendo-como-la\/","og_site_name":"ACLU of Maryland","og_image":[{"width":1200,"height":630,"url":"https:\/\/www.aclu-md.org\/app\/uploads\/2019\/07\/thinkingfreely_launch_1200x630_v2.png","type":"image\/png"}],"twitter_card":"summary_large_image","schema":{"@context":"https:\/\/schema.org","@graph":[{"@type":"WebPage","@id":"https:\/\/www.aclu-md.org\/press-releases\/pensar-libremente-nuevo-episodio-del-podcast-todavia-estamos-subiendo-como-la\/","url":"https:\/\/www.aclu-md.org\/press-releases\/pensar-libremente-nuevo-episodio-del-podcast-todavia-estamos-subiendo-como-la\/","name":"Pensar libremente: Nuevo episodio del podcast \u2014 \"Todav\u00eda estamos subiendo: C\u00f3mo la comunidad latina est\u00e1 ejerciendo su poder en Frederick\" - ACLU of Maryland","isPartOf":{"@id":"https:\/\/www.aclu-md.org\/#website"},"primaryImageOfPage":{"@id":"https:\/\/www.aclu-md.org\/press-releases\/pensar-libremente-nuevo-episodio-del-podcast-todavia-estamos-subiendo-como-la\/#primaryimage"},"image":{"@id":"https:\/\/www.aclu-md.org\/press-releases\/pensar-libremente-nuevo-episodio-del-podcast-todavia-estamos-subiendo-como-la\/#primaryimage"},"thumbnailUrl":"https:\/\/www.aclu-md.org\/app\/uploads\/2020\/09\/screen_shot_2020-09-16_at_10.01.44_am.png","datePublished":"2020-09-17T15:30:00+00:00","breadcrumb":{"@id":"https:\/\/www.aclu-md.org\/press-releases\/pensar-libremente-nuevo-episodio-del-podcast-todavia-estamos-subiendo-como-la\/#breadcrumb"},"inLanguage":"es-ES","potentialAction":[{"@type":"ReadAction","target":["https:\/\/www.aclu-md.org\/press-releases\/pensar-libremente-nuevo-episodio-del-podcast-todavia-estamos-subiendo-como-la\/"]}]},{"@type":"ImageObject","inLanguage":"es-ES","@id":"https:\/\/www.aclu-md.org\/press-releases\/pensar-libremente-nuevo-episodio-del-podcast-todavia-estamos-subiendo-como-la\/#primaryimage","url":"https:\/\/www.aclu-md.org\/app\/uploads\/2020\/09\/screen_shot_2020-09-16_at_10.01.44_am.png","contentUrl":"https:\/\/www.aclu-md.org\/app\/uploads\/2020\/09\/screen_shot_2020-09-16_at_10.01.44_am.png"},{"@type":"BreadcrumbList","@id":"https:\/\/www.aclu-md.org\/press-releases\/pensar-libremente-nuevo-episodio-del-podcast-todavia-estamos-subiendo-como-la\/#breadcrumb","itemListElement":[{"@type":"ListItem","position":1,"name":"Press Releases","item":"https:\/\/live-awp-maryland.pantheonsite.io\/press-releases\/"},{"@type":"ListItem","position":2,"name":"Pensar libremente: Nuevo episodio del podcast \u2014 \"Todav\u00eda estamos subiendo: C\u00f3mo la comunidad latina est\u00e1 ejerciendo su poder en Frederick\""}]},{"@type":"WebSite","@id":"https:\/\/www.aclu-md.org\/#website","url":"https:\/\/www.aclu-md.org\/","name":"ACLU of Maryland","description":"","publisher":{"@id":"https:\/\/www.aclu-md.org\/#organization"},"potentialAction":[{"@type":"SearchAction","target":{"@type":"EntryPoint","urlTemplate":"https:\/\/www.aclu-md.org\/?s={search_term_string}"},"query-input":{"@type":"PropertyValueSpecification","valueRequired":true,"valueName":"search_term_string"}}],"inLanguage":"es-ES"},{"@type":"Organization","@id":"https:\/\/www.aclu-md.org\/#organization","name":"ACLU of Maryland","url":"https:\/\/www.aclu-md.org\/","logo":{"@type":"ImageObject","inLanguage":"es-ES","@id":"https:\/\/www.aclu-md.org\/#\/schema\/logo\/image\/","url":"https:\/\/www.aclu-md.org\/app\/uploads\/2025\/08\/ACLU-Maryland_Color-Logo_RGB.png","contentUrl":"https:\/\/www.aclu-md.org\/app\/uploads\/2025\/08\/ACLU-Maryland_Color-Logo_RGB.png","width":1063,"height":620,"caption":"ACLU of Maryland"},"image":{"@id":"https:\/\/www.aclu-md.org\/#\/schema\/logo\/image\/"}}]}},"distributor_meta":false,"distributor_terms":false,"distributor_media":false,"distributor_original_site_name":"ACLU of Maryland","distributor_original_site_url":"https:\/\/www.aclu-md.org\/es\/","push-errors":false,"_links":{"self":[{"href":"https:\/\/www.aclu-md.org\/es\/wp-json\/wp\/v2\/press_release\/14950","targetHints":{"allow":["GET"]}}],"collection":[{"href":"https:\/\/www.aclu-md.org\/es\/wp-json\/wp\/v2\/press_release"}],"about":[{"href":"https:\/\/www.aclu-md.org\/es\/wp-json\/wp\/v2\/types\/press_release"}],"author":[{"embeddable":true,"href":"https:\/\/www.aclu-md.org\/es\/wp-json\/wp\/v2\/users\/6"}],"version-history":[{"count":0,"href":"https:\/\/www.aclu-md.org\/es\/wp-json\/wp\/v2\/press_release\/14950\/revisions"}],"acf:post":[{"embeddable":true,"href":"https:\/\/www.aclu-md.org\/es\/wp-json\/wp\/v2\/issue\/5413"},{"embeddable":true,"href":"https:\/\/www.aclu-md.org\/es\/wp-json\/wp\/v2\/issue\/5433"},{"embeddable":true,"href":"https:\/\/www.aclu-md.org\/es\/wp-json\/wp\/v2\/issue\/5418"},{"embeddable":true,"href":"https:\/\/www.aclu-md.org\/es\/wp-json\/wp\/v2\/issue\/5500"},{"embeddable":true,"href":"https:\/\/www.aclu-md.org\/es\/wp-json\/wp\/v2\/podcast\/18581"},{"embeddable":true,"href":"https:\/\/www.aclu-md.org\/es\/wp-json\/wp\/v2\/pages\/18138"}],"wp:attachment":[{"href":"https:\/\/www.aclu-md.org\/es\/wp-json\/wp\/v2\/media?parent=14950"}],"curies":[{"name":"wp","href":"https:\/\/api.w.org\/{rel}","templated":true}]}}